{"id":2130,"date":"2011-09-12T20:56:00","date_gmt":"2011-09-12T19:56:00","guid":{"rendered":"http:\/\/blogg.improveme.se\/emeliemattsson\/2011\/09\/12\/forsta-loprundan-pa-nagra-manader\/"},"modified":"2011-09-12T20:56:00","modified_gmt":"2011-09-12T19:56:00","slug":"forsta-loprundan-pa-nagra-manader","status":"publish","type":"post","link":"https:\/\/blogg.improveme.se\/emeliemattsson\/2011\/09\/12\/forsta-loprundan-pa-nagra-manader\/","title":{"rendered":"F\u00f6rsta l\u00f6prundan p\u00e5 n\u00e5gra m\u00e5nader:)"},"content":{"rendered":"<p>Vilken l&aring;&aring;&aring;ng jobbdag! Men vad g&ouml;r det n&auml;r man spenderar dagarna med att g&ouml;ra m&auml;nniskor glada. Dagen bara rinner iv&auml;g. 12h jobb och ett inkl&auml;mt benpass som f&ouml;r &ouml;vrigt gick riktigt bra. Kom hem och hoppade i l&ouml;parskorna och tog en runda f&ouml;r att reflektera och avrunda dagen. Min f&ouml;rsta utomhus runda p&aring; jag vet inte hur l&auml;nge. 3-4m&aring;nader kanske. En riktigt d&aring;lig tid. Men 40min senare var jag tillbaka (har kanske halverat min km tid men det kommer snabbt tillbaka). Nu &auml;r jag n&ouml;jd och tr&ouml;tt. Senaste veckan har jag halverat min tr&auml;ning och dubblerat min mat \ud83d\ude42 haha. Men det beh&ouml;vs ju ocks&aring; ibland:)<\/p>\n<p><a href=\"http:\/\/s.improveme.se\/data\/filearchive\/245957.0x0.jpg\" target=\"_BLANK\"><img decoding=\"async\" src=\"http:\/\/s.improveme.se\/data\/filearchive\/245957.510x0.jpg\" border=\"0\" alt=\"\" \/><\/a><\/p>\n","protected":false},"excerpt":{"rendered":"<p>Vilken l&aring;&aring;&aring;ng jobbdag! Men vad g&ouml;r det n&auml;r man spenderar dagarna med att g&ouml;ra m&auml;nniskor glada. Dagen bara rinner iv&auml;g. 12h jobb och ett inkl&auml;mt benpass som f&ouml;r &ouml;vrigt gick riktigt bra. Kom hem och hoppade i l&ouml;parskorna och tog en runda f&ouml;r att reflektera och avrunda dagen. Min f&ouml;rsta utomhus runda p&aring; jag vet &#8230; <a title=\"F\u00f6rsta l\u00f6prundan p\u00e5 n\u00e5gra m\u00e5nader:)\" class=\"read-more\" href=\"https:\/\/blogg.improveme.se\/emeliemattsson\/2011\/09\/12\/forsta-loprundan-pa-nagra-manader\/\" aria-label=\"L\u00e4s mer om F\u00f6rsta l\u00f6prundan p\u00e5 n\u00e5gra m\u00e5nader:)\">L\u00e4s mer<\/a><\/p>\n","protected":false},"author":1715,"featured_media":0,"comment_status":"open","ping_status":"open","sticky":false,"template":"","format":"standard","meta":{"footnotes":""},"categories":[1],"tags":[],"class_list":["post-2130","post","type-post","status-publish","format-standard","hentry","category-gamlainlagg"],"_links":{"self":[{"href":"https:\/\/blogg.improveme.se\/emeliemattsson\/wp-json\/wp\/v2\/posts\/2130","targetHints":{"allow":["GET"]}}],"collection":[{"href":"https:\/\/blogg.improveme.se\/emeliemattsson\/wp-json\/wp\/v2\/posts"}],"about":[{"href":"https:\/\/blogg.improveme.se\/emeliemattsson\/wp-json\/wp\/v2\/types\/post"}],"author":[{"embeddable":true,"href":"https:\/\/blogg.improveme.se\/emeliemattsson\/wp-json\/wp\/v2\/users\/1715"}],"replies":[{"embeddable":true,"href":"https:\/\/blogg.improveme.se\/emeliemattsson\/wp-json\/wp\/v2\/comments?post=2130"}],"version-history":[{"count":0,"href":"https:\/\/blogg.improveme.se\/emeliemattsson\/wp-json\/wp\/v2\/posts\/2130\/revisions"}],"wp:attachment":[{"href":"https:\/\/blogg.improveme.se\/emeliemattsson\/wp-json\/wp\/v2\/media?parent=2130"}],"wp:term":[{"taxonomy":"category","embeddable":true,"href":"https:\/\/blogg.improveme.se\/emeliemattsson\/wp-json\/wp\/v2\/categories?post=2130"},{"taxonomy":"post_tag","embeddable":true,"href":"https:\/\/blogg.improveme.se\/emeliemattsson\/wp-json\/wp\/v2\/tags?post=2130"}],"curies":[{"name":"wp","href":"https:\/\/api.w.org\/{rel}","templated":true}]}}