{"id":2262,"date":"2011-11-17T14:59:00","date_gmt":"2011-11-17T13:59:00","guid":{"rendered":"http:\/\/blogg.improveme.se\/emeliemattsson\/2011\/11\/17\/mina-2-alsklingar-ar-har\/"},"modified":"2011-11-17T14:59:00","modified_gmt":"2011-11-17T13:59:00","slug":"mina-2-alsklingar-ar-har","status":"publish","type":"post","link":"https:\/\/blogg.improveme.se\/emeliemattsson\/2011\/11\/17\/mina-2-alsklingar-ar-har\/","title":{"rendered":"Mina 2 \u00e4lsklingar \u00e4r h\u00e4r."},"content":{"rendered":"<p>Ikv&auml;ll har jag b&aring;da mina &auml;lsklingar h&auml;r. Brukar ju normalt bara ha Lirreman, men idag fick Argos vara med ocks&aring;. Gammelgubben:) Han &auml;r 11&aring;r nu:) Bortsk&auml;md och dryg har han ju varit hela livet, men nu &auml;r han &auml;ven d&ouml;v s&aring; han kan l&auml;tt reta gallfeber p&aring; &auml;n:) Men han h&aring;ller sig stark, och inte kan man tro att han &auml;r 11&aring;r:) H&auml;r &auml;r bilder jag tog p&aring; dem 2 f&ouml;rra &aring;ret. Finaste killarna!&lt;3<\/p>\n<p>De f&ouml;rsta 2 &auml;r Argos 10&aring;r gammal (han &auml;r ju &auml;ven som ni vet pappa till Lirre:)<\/p>\n<p><a href=\"http:\/\/s.improveme.se\/data\/filearchive\/265186.0x0.jpg\" target=\"_BLANK\"><img decoding=\"async\" src=\"http:\/\/s.improveme.se\/data\/filearchive\/265186.510x0.jpg\" border=\"0\" alt=\"\" \/><\/a><\/p>\n<p><a href=\"http:\/\/s.improveme.se\/data\/filearchive\/265187.0x0.jpg\" target=\"_BLANK\"><img decoding=\"async\" src=\"http:\/\/s.improveme.se\/data\/filearchive\/265187.510x0.jpg\" border=\"0\" alt=\"\" \/><\/a><\/p>\n<p>Nedanf&ouml;r &auml;r min Lirreman &lt;3<\/p>\n<p><a href=\"http:\/\/s.improveme.se\/data\/filearchive\/265188.0x0.jpg\" target=\"_BLANK\"><img decoding=\"async\" src=\"http:\/\/s.improveme.se\/data\/filearchive\/265188.510x0.jpg\" border=\"0\" alt=\"\" \/><\/a><\/p>\n<p><a href=\"http:\/\/s.improveme.se\/data\/filearchive\/265189.0x0.jpg\" target=\"_BLANK\"><img decoding=\"async\" src=\"http:\/\/s.improveme.se\/data\/filearchive\/265189.510x0.jpg\" border=\"0\" alt=\"\" \/><\/a><\/p>\n<p>Lirre &auml;r min lilla bebis. Man kan inte tro att han &auml;r 7&aring;r redan. Han &auml;r fortfarande en valp f&ouml;r mig. \ud83d\ude42<\/p>\n","protected":false},"excerpt":{"rendered":"<p>Ikv&auml;ll har jag b&aring;da mina &auml;lsklingar h&auml;r. Brukar ju normalt bara ha Lirreman, men idag fick Argos vara med ocks&aring;. Gammelgubben:) Han &auml;r 11&aring;r nu:) Bortsk&auml;md och dryg har han ju varit hela livet, men nu &auml;r han &auml;ven d&ouml;v s&aring; han kan l&auml;tt reta gallfeber p&aring; &auml;n:) Men han h&aring;ller sig stark, och inte &#8230; <a title=\"Mina 2 \u00e4lsklingar \u00e4r h\u00e4r.\" class=\"read-more\" href=\"https:\/\/blogg.improveme.se\/emeliemattsson\/2011\/11\/17\/mina-2-alsklingar-ar-har\/\" aria-label=\"L\u00e4s mer om Mina 2 \u00e4lsklingar \u00e4r h\u00e4r.\">L\u00e4s mer<\/a><\/p>\n","protected":false},"author":1715,"featured_media":0,"comment_status":"open","ping_status":"open","sticky":false,"template":"","format":"standard","meta":{"footnotes":""},"categories":[1],"tags":[],"class_list":["post-2262","post","type-post","status-publish","format-standard","hentry","category-gamlainlagg"],"_links":{"self":[{"href":"https:\/\/blogg.improveme.se\/emeliemattsson\/wp-json\/wp\/v2\/posts\/2262","targetHints":{"allow":["GET"]}}],"collection":[{"href":"https:\/\/blogg.improveme.se\/emeliemattsson\/wp-json\/wp\/v2\/posts"}],"about":[{"href":"https:\/\/blogg.improveme.se\/emeliemattsson\/wp-json\/wp\/v2\/types\/post"}],"author":[{"embeddable":true,"href":"https:\/\/blogg.improveme.se\/emeliemattsson\/wp-json\/wp\/v2\/users\/1715"}],"replies":[{"embeddable":true,"href":"https:\/\/blogg.improveme.se\/emeliemattsson\/wp-json\/wp\/v2\/comments?post=2262"}],"version-history":[{"count":0,"href":"https:\/\/blogg.improveme.se\/emeliemattsson\/wp-json\/wp\/v2\/posts\/2262\/revisions"}],"wp:attachment":[{"href":"https:\/\/blogg.improveme.se\/emeliemattsson\/wp-json\/wp\/v2\/media?parent=2262"}],"wp:term":[{"taxonomy":"category","embeddable":true,"href":"https:\/\/blogg.improveme.se\/emeliemattsson\/wp-json\/wp\/v2\/categories?post=2262"},{"taxonomy":"post_tag","embeddable":true,"href":"https:\/\/blogg.improveme.se\/emeliemattsson\/wp-json\/wp\/v2\/tags?post=2262"}],"curies":[{"name":"wp","href":"https:\/\/api.w.org\/{rel}","templated":true}]}}