{"id":2271,"date":"2011-12-02T11:34:00","date_gmt":"2011-12-02T10:34:00","guid":{"rendered":"http:\/\/blogg.improveme.se\/emeliemattsson\/2011\/12\/02\/rakna-och-vaga-din-mat\/"},"modified":"2011-12-02T11:34:00","modified_gmt":"2011-12-02T10:34:00","slug":"rakna-och-vaga-din-mat","status":"publish","type":"post","link":"https:\/\/blogg.improveme.se\/emeliemattsson\/2011\/12\/02\/rakna-och-vaga-din-mat\/","title":{"rendered":"R\u00e4kna och v\u00e4ga din mat"},"content":{"rendered":"<p>Heeeej Bloggen! Vad sk&ouml;nt det var att f&aring; sova ut litegrann:) Sovmorgon och en god frukost! Vad kan vara b&auml;ttre en fredagsmorgon? Har ett kampsportpass med min kollega Johan Lindqvist <a href=\"http:\/\/www.johanlindqvist.nu\" target=\"_blank\">www.johanlindqvist.nu<\/a>&nbsp;lite senare. Har inte k&ouml;rt det passet p&aring; 3v pga att jag varit sjuk s&aring; det ska bli j&auml;ttekul:)<img decoding=\"async\" src=\"http:\/\/s.improveme.se\/data\/filearchive\/269151.510x0.jpg\" border=\"0\" alt=\"\" \/><\/p>\n<p>Det h&auml;r med att v&auml;ga sin mat &auml;r jag lite dubbelsidig till. Jag personligen kan inte v&auml;ga mat, jag blir alldeles f&ouml;r fixerad &ouml;ver det. Mina resultat och min tr&auml;ning och kost &auml;r som b&auml;st n&auml;r jag g&aring;r p&aring; k&auml;nsla och inte r&auml;knar kalorier och v&auml;ger. D&Auml;REMOT kan det vara en bra sak att g&ouml;ra f&ouml;r att veta s&aring; man f&aring;r i sig r&auml;tt m&auml;ngd av allting. Har man inte kunskap s&aring; kan det vara sv&aring;rt att veta hur mkt 100gr protein &auml;r eller hur mkt fett man ligger p&aring; eller hur mkt fett &nbsp;en hel avocado inneh&aring;ller. S&aring; genom att v&auml;ga och m&auml;ta s&aring; f&aring;r man snabbt en uppfattning om detta samt hur stora just DINA portioner borde vara.&nbsp;<\/p>\n<p>&nbsp;\ud83d\ude42<\/p>\n<p>KRAM&nbsp;<\/p>\n<p>&nbsp;<\/p>\n","protected":false},"excerpt":{"rendered":"<p>Heeeej Bloggen! Vad sk&ouml;nt det var att f&aring; sova ut litegrann:) Sovmorgon och en god frukost! Vad kan vara b&auml;ttre en fredagsmorgon? Har ett kampsportpass med min kollega Johan Lindqvist www.johanlindqvist.nu&nbsp;lite senare. Har inte k&ouml;rt det passet p&aring; 3v pga att jag varit sjuk s&aring; det ska bli j&auml;ttekul:) Det h&auml;r med att v&auml;ga sin &#8230; <a title=\"R\u00e4kna och v\u00e4ga din mat\" class=\"read-more\" href=\"https:\/\/blogg.improveme.se\/emeliemattsson\/2011\/12\/02\/rakna-och-vaga-din-mat\/\" aria-label=\"L\u00e4s mer om R\u00e4kna och v\u00e4ga din mat\">L\u00e4s mer<\/a><\/p>\n","protected":false},"author":1715,"featured_media":0,"comment_status":"open","ping_status":"open","sticky":false,"template":"","format":"standard","meta":{"footnotes":""},"categories":[1],"tags":[],"class_list":["post-2271","post","type-post","status-publish","format-standard","hentry","category-gamlainlagg"],"_links":{"self":[{"href":"https:\/\/blogg.improveme.se\/emeliemattsson\/wp-json\/wp\/v2\/posts\/2271","targetHints":{"allow":["GET"]}}],"collection":[{"href":"https:\/\/blogg.improveme.se\/emeliemattsson\/wp-json\/wp\/v2\/posts"}],"about":[{"href":"https:\/\/blogg.improveme.se\/emeliemattsson\/wp-json\/wp\/v2\/types\/post"}],"author":[{"embeddable":true,"href":"https:\/\/blogg.improveme.se\/emeliemattsson\/wp-json\/wp\/v2\/users\/1715"}],"replies":[{"embeddable":true,"href":"https:\/\/blogg.improveme.se\/emeliemattsson\/wp-json\/wp\/v2\/comments?post=2271"}],"version-history":[{"count":0,"href":"https:\/\/blogg.improveme.se\/emeliemattsson\/wp-json\/wp\/v2\/posts\/2271\/revisions"}],"wp:attachment":[{"href":"https:\/\/blogg.improveme.se\/emeliemattsson\/wp-json\/wp\/v2\/media?parent=2271"}],"wp:term":[{"taxonomy":"category","embeddable":true,"href":"https:\/\/blogg.improveme.se\/emeliemattsson\/wp-json\/wp\/v2\/categories?post=2271"},{"taxonomy":"post_tag","embeddable":true,"href":"https:\/\/blogg.improveme.se\/emeliemattsson\/wp-json\/wp\/v2\/tags?post=2271"}],"curies":[{"name":"wp","href":"https:\/\/api.w.org\/{rel}","templated":true}]}}