{"id":2386,"date":"2012-01-28T09:56:00","date_gmt":"2012-01-28T08:56:00","guid":{"rendered":"http:\/\/blogg.improveme.se\/emeliemattsson\/2012\/01\/28\/dags-for-lordagspasset\/"},"modified":"2012-01-28T09:56:00","modified_gmt":"2012-01-28T08:56:00","slug":"dags-for-lordagspasset","status":"publish","type":"post","link":"https:\/\/blogg.improveme.se\/emeliemattsson\/2012\/01\/28\/dags-for-lordagspasset\/","title":{"rendered":"Dags f\u00f6r l\u00f6rdagspasset."},"content":{"rendered":"<p>Sitter och laddar inf&ouml;r dagens benpass. Jag har slutat k&ouml;ra specifika muskelgrupper p&aring; en best&auml;md dag (f&ouml;r att p&aring; s&aring; s&auml;tt ist&auml;llet lyssna p&aring; kroppen och best&auml;mma mina vilodagar d&auml;refter). S&aring; min l&ouml;rdag som det normalt brukar st&aring; axlar p&aring; blir idag ett benpass:)<\/p>\n<p>Jag har precis lagt upp passet och k&auml;nner mig riktigt peppad. Jag gillar att planera och har alltid samma rutiner innan tr&auml;ning:) Att man har bra musik och vet att det gym jag ska till idag alltid &auml;r tomt vid den h&auml;r tiden &auml;r ju &auml;nnu b&auml;ttre:) Jag &auml;lskar min tr&auml;ning!<\/p>\n<p><a href=\"http:\/\/s.improveme.se\/data\/filearchive\/285621.0x0.jpg\" target=\"_BLANK\"><img decoding=\"async\" src=\"http:\/\/s.improveme.se\/data\/filearchive\/285621.510x0.jpg\" border=\"0\" alt=\"\" \/><\/a><\/p>\n<p><a href=\"http:\/\/s.improveme.se\/data\/filearchive\/285622.0x0.jpg\" target=\"_BLANK\"><img decoding=\"async\" src=\"http:\/\/s.improveme.se\/data\/filearchive\/285622.510x0.jpg\" border=\"0\" alt=\"\" \/><\/a><\/p>\n<p>Idag kommer min k&auml;rlek hem ocks&aring; efter n&auml;stan en vecka borta. Ska bli underbart!&nbsp;<\/p>\n<p>Kram<\/p>\n","protected":false},"excerpt":{"rendered":"<p>Sitter och laddar inf&ouml;r dagens benpass. Jag har slutat k&ouml;ra specifika muskelgrupper p&aring; en best&auml;md dag (f&ouml;r att p&aring; s&aring; s&auml;tt ist&auml;llet lyssna p&aring; kroppen och best&auml;mma mina vilodagar d&auml;refter). S&aring; min l&ouml;rdag som det normalt brukar st&aring; axlar p&aring; blir idag ett benpass:) Jag har precis lagt upp passet och k&auml;nner mig riktigt peppad. &#8230; <a title=\"Dags f\u00f6r l\u00f6rdagspasset.\" class=\"read-more\" href=\"https:\/\/blogg.improveme.se\/emeliemattsson\/2012\/01\/28\/dags-for-lordagspasset\/\" aria-label=\"L\u00e4s mer om Dags f\u00f6r l\u00f6rdagspasset.\">L\u00e4s mer<\/a><\/p>\n","protected":false},"author":1715,"featured_media":0,"comment_status":"open","ping_status":"open","sticky":false,"template":"","format":"standard","meta":{"footnotes":""},"categories":[1],"tags":[],"class_list":["post-2386","post","type-post","status-publish","format-standard","hentry","category-gamlainlagg"],"_links":{"self":[{"href":"https:\/\/blogg.improveme.se\/emeliemattsson\/wp-json\/wp\/v2\/posts\/2386","targetHints":{"allow":["GET"]}}],"collection":[{"href":"https:\/\/blogg.improveme.se\/emeliemattsson\/wp-json\/wp\/v2\/posts"}],"about":[{"href":"https:\/\/blogg.improveme.se\/emeliemattsson\/wp-json\/wp\/v2\/types\/post"}],"author":[{"embeddable":true,"href":"https:\/\/blogg.improveme.se\/emeliemattsson\/wp-json\/wp\/v2\/users\/1715"}],"replies":[{"embeddable":true,"href":"https:\/\/blogg.improveme.se\/emeliemattsson\/wp-json\/wp\/v2\/comments?post=2386"}],"version-history":[{"count":0,"href":"https:\/\/blogg.improveme.se\/emeliemattsson\/wp-json\/wp\/v2\/posts\/2386\/revisions"}],"wp:attachment":[{"href":"https:\/\/blogg.improveme.se\/emeliemattsson\/wp-json\/wp\/v2\/media?parent=2386"}],"wp:term":[{"taxonomy":"category","embeddable":true,"href":"https:\/\/blogg.improveme.se\/emeliemattsson\/wp-json\/wp\/v2\/categories?post=2386"},{"taxonomy":"post_tag","embeddable":true,"href":"https:\/\/blogg.improveme.se\/emeliemattsson\/wp-json\/wp\/v2\/tags?post=2386"}],"curies":[{"name":"wp","href":"https:\/\/api.w.org\/{rel}","templated":true}]}}