{"id":2472,"date":"2012-02-05T21:18:20","date_gmt":"2012-02-05T20:18:20","guid":{"rendered":"http:\/\/blogg.improveme.se\/emeliemattsson\/?p=2472"},"modified":"2012-02-05T21:18:20","modified_gmt":"2012-02-05T20:18:20","slug":"morgonstund-6","status":"publish","type":"post","link":"https:\/\/blogg.improveme.se\/emeliemattsson\/2012\/02\/05\/morgonstund-6\/","title":{"rendered":"Morgonstund."},"content":{"rendered":"<p><img loading=\"lazy\" decoding=\"async\" class=\"alignnone size-medium wp-image-2475\" src=\"http:\/\/blogg.improveme.se\/emeliemattsson\/files\/2012\/02\/Bild-2011-08-10-kl.-17.52-300x225.jpg\" alt=\"\" width=\"300\" height=\"225\" srcset=\"https:\/\/blogg.improveme.se\/emeliemattsson\/files\/2012\/02\/Bild-2011-08-10-kl.-17.52-300x225.jpg 300w, https:\/\/blogg.improveme.se\/emeliemattsson\/files\/2012\/02\/Bild-2011-08-10-kl.-17.52.jpg 640w\" sizes=\"auto, (max-width: 300px) 100vw, 300px\" \/><\/p>\n<p>&nbsp;<\/p>\n<p>Jag \u00e4lskar verkligen mina m\u00e5ndagmorgnar. Jag g\u00e5r alltid upp vid 5. Det \u00e4r alldeles m\u00f6rkt och tyst. Jag g\u00f6r min morgongr\u00f6t och l\u00e4ser mail och f\u00f6rbereder inf\u00f6r dagens klienter i lugn och ro och i min ensamhet. Sedan promenerar jag till jobbet s\u00e5jag \u00e4r d\u00e4r till 06,30 n\u00e4r dagen b\u00f6rjar. Jag brukar alltid l\u00e4ngta lite sm\u00e5tt till mina tidiga morgnar. Vad roligt det \u00e4r att s\u00e5 m\u00e5nga mailat mig ang\u00e5ende kom ig\u00e5ng paketen. Det \u00e4r alltid s\u00e5 roligt att tr\u00e4ffa er som l\u00e4ser bloggen och hj\u00e4lpa er med tr\u00e4ning och kost. Har precis sl\u00e4ngt i mig glutaminet och snart blir det s\u00e4ngen.<\/p>\n<p><strong>&#8221;We are what we believe we are.The name we give to something shapes our attitude toward it.&#8221;<\/strong><\/p>\n<p><a href=\"http:\/\/blogg.improveme.se\/emeliemattsson\/files\/2012\/02\/1178387.jpg\"><img loading=\"lazy\" decoding=\"async\" class=\"alignnone size-medium wp-image-2473\" src=\"http:\/\/blogg.improveme.se\/emeliemattsson\/files\/2012\/02\/1178387-300x230.jpg\" alt=\"\" width=\"300\" height=\"230\" srcset=\"https:\/\/blogg.improveme.se\/emeliemattsson\/files\/2012\/02\/1178387-300x230.jpg 300w, https:\/\/blogg.improveme.se\/emeliemattsson\/files\/2012\/02\/1178387.jpg 400w\" sizes=\"auto, (max-width: 300px) 100vw, 300px\" \/><\/a><\/p>\n","protected":false},"excerpt":{"rendered":"<p>&nbsp; Jag \u00e4lskar verkligen mina m\u00e5ndagmorgnar. Jag g\u00e5r alltid upp vid 5. Det \u00e4r alldeles m\u00f6rkt och tyst. Jag g\u00f6r min morgongr\u00f6t och l\u00e4ser mail och f\u00f6rbereder inf\u00f6r dagens klienter i lugn och ro och i min ensamhet. Sedan promenerar jag till jobbet s\u00e5jag \u00e4r d\u00e4r till 06,30 n\u00e4r dagen b\u00f6rjar. Jag brukar alltid l\u00e4ngta &#8230; <a title=\"Morgonstund.\" class=\"read-more\" href=\"https:\/\/blogg.improveme.se\/emeliemattsson\/2012\/02\/05\/morgonstund-6\/\" aria-label=\"L\u00e4s mer om Morgonstund.\">L\u00e4s mer<\/a><\/p>\n","protected":false},"author":1715,"featured_media":0,"comment_status":"open","ping_status":"open","sticky":false,"template":"","format":"standard","meta":{"footnotes":""},"categories":[1],"tags":[],"class_list":["post-2472","post","type-post","status-publish","format-standard","hentry","category-gamlainlagg"],"_links":{"self":[{"href":"https:\/\/blogg.improveme.se\/emeliemattsson\/wp-json\/wp\/v2\/posts\/2472","targetHints":{"allow":["GET"]}}],"collection":[{"href":"https:\/\/blogg.improveme.se\/emeliemattsson\/wp-json\/wp\/v2\/posts"}],"about":[{"href":"https:\/\/blogg.improveme.se\/emeliemattsson\/wp-json\/wp\/v2\/types\/post"}],"author":[{"embeddable":true,"href":"https:\/\/blogg.improveme.se\/emeliemattsson\/wp-json\/wp\/v2\/users\/1715"}],"replies":[{"embeddable":true,"href":"https:\/\/blogg.improveme.se\/emeliemattsson\/wp-json\/wp\/v2\/comments?post=2472"}],"version-history":[{"count":0,"href":"https:\/\/blogg.improveme.se\/emeliemattsson\/wp-json\/wp\/v2\/posts\/2472\/revisions"}],"wp:attachment":[{"href":"https:\/\/blogg.improveme.se\/emeliemattsson\/wp-json\/wp\/v2\/media?parent=2472"}],"wp:term":[{"taxonomy":"category","embeddable":true,"href":"https:\/\/blogg.improveme.se\/emeliemattsson\/wp-json\/wp\/v2\/categories?post=2472"},{"taxonomy":"post_tag","embeddable":true,"href":"https:\/\/blogg.improveme.se\/emeliemattsson\/wp-json\/wp\/v2\/tags?post=2472"}],"curies":[{"name":"wp","href":"https:\/\/api.w.org\/{rel}","templated":true}]}}