{"id":2521,"date":"2012-02-08T22:16:05","date_gmt":"2012-02-08T21:16:05","guid":{"rendered":"http:\/\/blogg.improveme.se\/emeliemattsson\/?p=2521"},"modified":"2012-02-08T22:16:05","modified_gmt":"2012-02-08T21:16:05","slug":"i-min-bubbla","status":"publish","type":"post","link":"https:\/\/blogg.improveme.se\/emeliemattsson\/2012\/02\/08\/i-min-bubbla\/","title":{"rendered":"I min bubbla"},"content":{"rendered":"<p>Jag har en egenskap som jag m\u00e5ste jobba p\u00e5 och det \u00e4r att jag l\u00e4tt f\u00f6rsvinner in i min egna lilla bubbla. Kan vara on\u00e5bar och o\u00e5tkomlig i flera veckor och bara leva f\u00f6r min tr\u00e4ning,mitt jobb och min egentid. Jag tror jag skapade denna k\u00e4rlek till att vara sj\u00e4lv i mitt f\u00f6rra f\u00f6rh\u00e5llande d\u00e5 jag bodde utomland i 5\u00e5r och ofta var ensam. Jag hade inte s\u00e5 mkt v\u00e4nner s\u00e5 min b\u00e4sta v\u00e4n blev tr\u00e4ningen och intresset f\u00f6r mat. Och mig sj\u00e4lv:)<\/p>\n<p><img loading=\"lazy\" decoding=\"async\" class=\"alignnone size-full wp-image-2523\" src=\"http:\/\/blogg.improveme.se\/emeliemattsson\/files\/2012\/02\/135093.0x0.jpg\" alt=\"\" width=\"519\" height=\"775\" srcset=\"https:\/\/blogg.improveme.se\/emeliemattsson\/files\/2012\/02\/135093.0x0.jpg 519w, https:\/\/blogg.improveme.se\/emeliemattsson\/files\/2012\/02\/135093.0x0-200x300.jpg 200w\" sizes=\"auto, (max-width: 519px) 100vw, 519px\" \/><\/p>\n<p>Jag f\u00f6rs\u00f6ker att b\u00e4ttra mig men jag bara \u00e4lskar att vara sj\u00e4lv. Tr\u00e4na sj\u00e4lv, laga mat sj\u00e4lv, shoppa sj\u00e4lv, g\u00e5 p\u00e5 stan sj\u00e4lv. Jag \u00e4r en liten ensamvarg:) Jag kan v\u00e4lja en ensamkv\u00e4ll hemma framf\u00f6r en bra film framf\u00f6r en kv\u00e4ll ute med massa v\u00e4nner. N\u00e4r jag v\u00e4l tr\u00e4ffar v\u00e4nner s\u00e5 \u00e4lskar jag det, men som sagt, jag f\u00f6rsvinner l\u00e4tt in i min egna bubbla.<\/p>\n<p>Har ni n\u00e5gon egenskap ni beh\u00f6ver jobba p\u00e5 ?<\/p>\n<p><a href=\"http:\/\/blogg.improveme.se\/emeliemattsson\/files\/2012\/02\/balancee.jpg\"><img loading=\"lazy\" decoding=\"async\" class=\"alignnone size-full wp-image-2522\" src=\"http:\/\/blogg.improveme.se\/emeliemattsson\/files\/2012\/02\/balancee.jpg\" alt=\"\" width=\"480\" height=\"640\" srcset=\"https:\/\/blogg.improveme.se\/emeliemattsson\/files\/2012\/02\/balancee.jpg 480w, https:\/\/blogg.improveme.se\/emeliemattsson\/files\/2012\/02\/balancee-225x300.jpg 225w\" sizes=\"auto, (max-width: 480px) 100vw, 480px\" \/><\/a><\/p>\n","protected":false},"excerpt":{"rendered":"<p>Jag har en egenskap som jag m\u00e5ste jobba p\u00e5 och det \u00e4r att jag l\u00e4tt f\u00f6rsvinner in i min egna lilla bubbla. Kan vara on\u00e5bar och o\u00e5tkomlig i flera veckor och bara leva f\u00f6r min tr\u00e4ning,mitt jobb och min egentid. Jag tror jag skapade denna k\u00e4rlek till att vara sj\u00e4lv i mitt f\u00f6rra f\u00f6rh\u00e5llande d\u00e5 &#8230; <a title=\"I min bubbla\" class=\"read-more\" href=\"https:\/\/blogg.improveme.se\/emeliemattsson\/2012\/02\/08\/i-min-bubbla\/\" aria-label=\"L\u00e4s mer om I min bubbla\">L\u00e4s mer<\/a><\/p>\n","protected":false},"author":1715,"featured_media":0,"comment_status":"open","ping_status":"open","sticky":false,"template":"","format":"standard","meta":{"footnotes":""},"categories":[1],"tags":[],"class_list":["post-2521","post","type-post","status-publish","format-standard","hentry","category-gamlainlagg"],"_links":{"self":[{"href":"https:\/\/blogg.improveme.se\/emeliemattsson\/wp-json\/wp\/v2\/posts\/2521","targetHints":{"allow":["GET"]}}],"collection":[{"href":"https:\/\/blogg.improveme.se\/emeliemattsson\/wp-json\/wp\/v2\/posts"}],"about":[{"href":"https:\/\/blogg.improveme.se\/emeliemattsson\/wp-json\/wp\/v2\/types\/post"}],"author":[{"embeddable":true,"href":"https:\/\/blogg.improveme.se\/emeliemattsson\/wp-json\/wp\/v2\/users\/1715"}],"replies":[{"embeddable":true,"href":"https:\/\/blogg.improveme.se\/emeliemattsson\/wp-json\/wp\/v2\/comments?post=2521"}],"version-history":[{"count":0,"href":"https:\/\/blogg.improveme.se\/emeliemattsson\/wp-json\/wp\/v2\/posts\/2521\/revisions"}],"wp:attachment":[{"href":"https:\/\/blogg.improveme.se\/emeliemattsson\/wp-json\/wp\/v2\/media?parent=2521"}],"wp:term":[{"taxonomy":"category","embeddable":true,"href":"https:\/\/blogg.improveme.se\/emeliemattsson\/wp-json\/wp\/v2\/categories?post=2521"},{"taxonomy":"post_tag","embeddable":true,"href":"https:\/\/blogg.improveme.se\/emeliemattsson\/wp-json\/wp\/v2\/tags?post=2521"}],"curies":[{"name":"wp","href":"https:\/\/api.w.org\/{rel}","templated":true}]}}