{"id":2533,"date":"2012-02-11T09:38:16","date_gmt":"2012-02-11T08:38:16","guid":{"rendered":"http:\/\/blogg.improveme.se\/emeliemattsson\/?p=2533"},"modified":"2012-02-11T09:38:16","modified_gmt":"2012-02-11T08:38:16","slug":"surprise-2","status":"publish","type":"post","link":"https:\/\/blogg.improveme.se\/emeliemattsson\/2012\/02\/11\/surprise-2\/","title":{"rendered":"Surprise"},"content":{"rendered":"<p>Jag och n\u00e5gra v\u00e4nner \u00f6verraskade min v\u00e4n Angelika ig\u00e5r p\u00e5 hennes 25\u00e5rs dag med t\u00e5rta,snittar och presenter. <a href=\"http:\/\/blogg.improveme.se\/emeliemattsson\/files\/2012\/02\/photo-2.jpg\"><img loading=\"lazy\" decoding=\"async\" class=\"alignnone size-full wp-image-2534\" src=\"http:\/\/blogg.improveme.se\/emeliemattsson\/files\/2012\/02\/photo-2.jpg\" alt=\"\" width=\"640\" height=\"480\" srcset=\"https:\/\/blogg.improveme.se\/emeliemattsson\/files\/2012\/02\/photo-2.jpg 640w, https:\/\/blogg.improveme.se\/emeliemattsson\/files\/2012\/02\/photo-2-300x225.jpg 300w\" sizes=\"auto, (max-width: 640px) 100vw, 640px\" \/><\/a><a href=\"http:\/\/blogg.improveme.se\/emeliemattsson\/files\/2012\/02\/photo-31.jpg\"><img loading=\"lazy\" decoding=\"async\" class=\"alignnone size-full wp-image-2535\" src=\"http:\/\/blogg.improveme.se\/emeliemattsson\/files\/2012\/02\/photo-31.jpg\" alt=\"\" width=\"640\" height=\"480\" srcset=\"https:\/\/blogg.improveme.se\/emeliemattsson\/files\/2012\/02\/photo-31.jpg 640w, https:\/\/blogg.improveme.se\/emeliemattsson\/files\/2012\/02\/photo-31-300x225.jpg 300w\" sizes=\"auto, (max-width: 640px) 100vw, 640px\" \/><\/a><\/p>\n<p>F\u00f6r \u00f6vrigt var det full rulle ig\u00e5r. D\u00e4rav d\u00e5lig bloggning. Hann f\u00f6rbi salongen och fixa mina naglar ocks\u00e5:)<\/p>\n<p><a href=\"http:\/\/blogg.improveme.se\/emeliemattsson\/files\/2012\/02\/photo-51.jpg\"><img loading=\"lazy\" decoding=\"async\" class=\"alignnone size-full wp-image-2536\" src=\"http:\/\/blogg.improveme.se\/emeliemattsson\/files\/2012\/02\/photo-51.jpg\" alt=\"\" width=\"480\" height=\"640\" srcset=\"https:\/\/blogg.improveme.se\/emeliemattsson\/files\/2012\/02\/photo-51.jpg 480w, https:\/\/blogg.improveme.se\/emeliemattsson\/files\/2012\/02\/photo-51-225x300.jpg 225w\" sizes=\"auto, (max-width: 480px) 100vw, 480px\" \/><\/a><\/p>\n<p>Snart beeeenpass. Kanske lyckas filma lite d\u00e5 ocks\u00e5;) Har i sett filmerna jag lade upp fr\u00e5n axelpasset? \ud83d\ude42<\/p>\n","protected":false},"excerpt":{"rendered":"<p>Jag och n\u00e5gra v\u00e4nner \u00f6verraskade min v\u00e4n Angelika ig\u00e5r p\u00e5 hennes 25\u00e5rs dag med t\u00e5rta,snittar och presenter. F\u00f6r \u00f6vrigt var det full rulle ig\u00e5r. D\u00e4rav d\u00e5lig bloggning. Hann f\u00f6rbi salongen och fixa mina naglar ocks\u00e5:) Snart beeeenpass. Kanske lyckas filma lite d\u00e5 ocks\u00e5;) Har i sett filmerna jag lade upp fr\u00e5n axelpasset? \ud83d\ude42<\/p>\n","protected":false},"author":1715,"featured_media":0,"comment_status":"open","ping_status":"open","sticky":false,"template":"","format":"standard","meta":{"footnotes":""},"categories":[1],"tags":[],"class_list":["post-2533","post","type-post","status-publish","format-standard","hentry","category-gamlainlagg"],"_links":{"self":[{"href":"https:\/\/blogg.improveme.se\/emeliemattsson\/wp-json\/wp\/v2\/posts\/2533","targetHints":{"allow":["GET"]}}],"collection":[{"href":"https:\/\/blogg.improveme.se\/emeliemattsson\/wp-json\/wp\/v2\/posts"}],"about":[{"href":"https:\/\/blogg.improveme.se\/emeliemattsson\/wp-json\/wp\/v2\/types\/post"}],"author":[{"embeddable":true,"href":"https:\/\/blogg.improveme.se\/emeliemattsson\/wp-json\/wp\/v2\/users\/1715"}],"replies":[{"embeddable":true,"href":"https:\/\/blogg.improveme.se\/emeliemattsson\/wp-json\/wp\/v2\/comments?post=2533"}],"version-history":[{"count":0,"href":"https:\/\/blogg.improveme.se\/emeliemattsson\/wp-json\/wp\/v2\/posts\/2533\/revisions"}],"wp:attachment":[{"href":"https:\/\/blogg.improveme.se\/emeliemattsson\/wp-json\/wp\/v2\/media?parent=2533"}],"wp:term":[{"taxonomy":"category","embeddable":true,"href":"https:\/\/blogg.improveme.se\/emeliemattsson\/wp-json\/wp\/v2\/categories?post=2533"},{"taxonomy":"post_tag","embeddable":true,"href":"https:\/\/blogg.improveme.se\/emeliemattsson\/wp-json\/wp\/v2\/tags?post=2533"}],"curies":[{"name":"wp","href":"https:\/\/api.w.org\/{rel}","templated":true}]}}