{"id":255,"date":"2009-06-12T10:15:00","date_gmt":"2009-06-12T09:15:00","guid":{"rendered":"http:\/\/blogg.improveme.se\/emeliemattsson\/2009\/06\/12\/lite-svar\/"},"modified":"2009-06-12T10:15:00","modified_gmt":"2009-06-12T09:15:00","slug":"lite-svar","status":"publish","type":"post","link":"https:\/\/blogg.improveme.se\/emeliemattsson\/2009\/06\/12\/lite-svar\/","title":{"rendered":"Lite svar.."},"content":{"rendered":"<p><P>1.Tips \u00e4r att l\u00e4gga tabletten s\u00e5 l\u00e5ngt bak i svaljet som det bara g\u00e5r och sedan sk\u00f6lja ner med ett riktigt stort glas vatten. D\u00e5 brukar det g\u00e5 bra!<\/P><I><FONT color=#000080><br \/>\n<P>Tack f\u00f6r tipset!<\/I><\/FONT><BR><BR>2. <BR><A href=\"http:\/\/www.improveme.se\/emeliemattsson\/30771\"><B><U><FONT color=#0000ff>Ang\u00e5ende min tr\u00e4ning och kost.<\/B><\/U><\/FONT><\/A><BR>Hej Emelie, jag tycker att ditt inl\u00e4gg var riktigt bra. \u00d6verlag \u00e4r det s\u00e5 mycket fixering vid vikt s\u00e5 det \u00e4r sk\u00f6nt att l\u00e4sa vad du skrev. Det k\u00e4nns som du t\u00e4nker h\u00e4lsosamt utan att bli extrem. Ha det gott!<\/P><I><FONT color=#800080><br \/>\n<P>Vad kul att du gillade inl\u00e4gget. Som sagt s\u00e5 skrev jag mer om kost och tr\u00e4ning f\u00f6rut men det p\u00e5verkar m\u00e4nniskors k\u00e4nslor f\u00f6r mkt.<\/I><\/FONT><BR><BR>3.<BR><A href=\"http:\/\/www.improveme.se\/emeliemattsson\/30771\"><B><U><FONT color=#0000ff>Ang\u00e5ende min tr\u00e4ning och kost.<\/B><\/U><\/FONT><\/A><BR>Trodde du var starkare an sa. <BR><\/P><I><FONT color=#800080><br \/>\n<P>Jaha,<\/P><\/I><\/FONT><br \/>\n<P><BR>4.<BR><A href=\"http:\/\/www.improveme.se\/emeliemattsson\/30741\"><B><U><FONT color=#0000ff>Bakning p\u00e5g\u00e5r.<\/B><\/U><\/FONT><\/A><BR>Jag fick se sedan att 2\u00bd dl hade hamnat l\u00e5ngt ut i sidan p\u00e5 inl\u00e4gget. Men har nu bakat sockerkakan och den var LJUVLIG! Tack Emelie, mer mer s\u00e5nt \ud83d\ude42 Sedan ang\u00e5ende ditt f\u00f6rsta inl\u00e4gg om hur du h\u00e5ller dig iform, att det ger negativ respons som positiv, den negativa handlar ju bara om att folk \u00e4lskar att klanka och \u00e4r allm\u00e4nt avundsjuka. Att vi som vill veta din hur du g\u00f6r, borde f\u00e5 det. Ja menar, hur l\u00e5ng du \u00e4r eller vad du v\u00e4ger har ingen betydelse. Grejen \u00e4r ju att det \u00e4r kul om du ville dela med dig av vad du \u00e4ter (tips p\u00e5 annan mat f\u00f6r en g\u00e5ngs skull. har hamnat i pannkaks, sallads och soppa riket nu ja, beh\u00f6vs lite variation), sedan hur du blandat ditt vatten med citron, bla. S\u00e5nt \u00e4r ocks\u00e5 kul att veta. Och sen vilken tr\u00e4ning du utf\u00f6r, du beh\u00f6ver inte skriva hur mycket. Bara lite mer personligt, att vi f\u00e5r h\u00e4nga med dig. Din blogg k\u00e4nns numera som ett skylt f\u00f6nster \ud83d\ude41 S\u00e5 j\u00e4\u00e4\u00e4\u00e4\u00e4\u00e4kla synd, dina andra bloggar var B\u00c4ST, d\u00e5 menar jag B\u00c4ST! Nu har du trillat ned p\u00e5 5e plats av mina topp 10 bloggar \ud83d\ude41 Vill inte det ju&#8230;Sn\u00e4lla bli mer personlig. Du har skrivit tidigare om folk som f\u00f6rs\u00f6ker vara dig osv, l\u00e4gg inte energin p\u00e5 dem, l\u00e5t dem snacka el vad dom sysslar med. Du vet b\u00e4st och ska skita i dom. Hoppas du l\u00e4ser min extrema kommentar. Natti KRAM<\/P><I><FONT color=#800080><br \/>\n<P>Hej! Jag ska f\u00f6rs\u00f6ka komma med fler mattips osv fram\u00f6ver.<\/I><\/FONT><BR><BR>5.<BR>Din kropp \u00e4r helt j\u00e4kla grym! Hur g\u00f6r du Emelie? Tipsa om mat och recept som ja skrev i ett inl\u00e4gg tidigare \ud83d\ude42 <\/P><I><FONT color=#800080><br \/>\n<P>Har svarat p\u00e5 varf\u00f6r jag inte g\u00f6r det tidigare. <\/I><\/FONT><BR><BR><\/P><br \/>\n<P><BR>6. <A href=\"http:\/\/www.improveme.se\/emeliemattsson\/30705\"><B><U><FONT color=#0000ff>Lite bilder ifr\u00e5n f\u00f6rra veckan och nu..<\/B><\/U><\/FONT><\/A><BR>hej! funderar p\u00e5 att \u00e5ka ner med killen i sommar o kolla in franska rivieran eller monaco.kan du inte skriva en lite monaco guide ..tips p\u00e5 st\u00e4llen att se, \u00e4ta och bo..<\/P><I><FONT color=#800080><br \/>\n<P>Kul. Vad vill du veta? Vi har en fantastisk utomhus bio i Monaco ville som du m\u00e5ste bes\u00f6ka. Sen har vi otroligt m\u00e5nga bra restauranger. Avenue 31, yoshi, och La saliere &#8211; mina favoriter bla. Bo har vi ocks\u00e5 mkt st\u00e4llen, beroende p\u00e5 vad ni \u00e4r beredda att betala. \u00c5ker man enbart f\u00f6r att vara ekonomisk osv s\u00e5 \u00e4r inte Monaco det r\u00e4tta st\u00e4llet. D\u00e5 skulle jag rekommendera att bo i Menton, eller ville franche eller cap d&#8217;antibes i n\u00e4rheten. <\/I><\/FONT><BR><\/P><br \/>\n<P><BR>7. <A href=\"http:\/\/www.improveme.se\/emeliemattsson\/30705\"><B><U><FONT color=#0000ff>Lite bilder ifr\u00e5n f\u00f6rra veckan och nu..<\/B><\/U><\/FONT><\/A><BR>Hej Jag vill bara s\u00e4ga att din blogg \u00e4r s\u00e5 mysig och bra. Jag f\u00f6ljde den ibland d\u00e4r du bloggade f\u00f6rrut.. Men &#8221;tappade&#8221; bort den f\u00f6r att nu hitta den igen. Vilket s\u00e5klart g\u00f6r mig glad \ud83d\ude42 Forts\u00e4tt med det du g\u00f6r. Du \u00e4r inspirerande och fin och verkar vara en supergullig tjej! Kram<\/P><I><FONT color=#800080><br \/>\n<P>Tack s\u00f6ta du! Det v\u00e4rmer.<BR><\/I><\/FONT><BR><BR>8. <A href=\"http:\/\/www.improveme.se\/emeliemattsson\/30359\"><B><U><FONT color=#0000ff>Hemma igen<\/B><\/U><\/FONT><\/A><BR>Du \u00e4r s\u00e5 vacker Emelie. Fint ni bodde, t\u00f6rs vi se hur ni bor nu? M\u00e5ste vara ett paradis. F\u00f6r den d\u00e4r utsikten \u00e4r sl\u00e5ende.<\/P><I><FONT color=#800080><br \/>\n<P>Kanske kan visa bilder fram\u00f6ver. <\/I><\/FONT><BR><BR><A href=\"http:\/\/www.improveme.se\/emeliemattsson\/26449\"><B><U><FONT color=#0000ff>John Frieda collection<\/B><\/U><\/FONT><\/A><BR>Ditt jobb sl\u00e5r \u00e4nd\u00e5 inte mitt, jag \u00e4r lyxhustru, s\u00e5 jag g\u00f6r precis vad jag vill n\u00e4r jag vill utan att t\u00e4nka p\u00e5 jobb, pengar eller ansvar, det du det \u00e4r ett tufft jobb.<BR><BR><I><FONT color=#800080>Ja det l\u00e4t tufft.<\/P><\/I><\/FONT><\/p>\n","protected":false},"excerpt":{"rendered":"<p>1.Tips \u00e4r att l\u00e4gga tabletten s\u00e5 l\u00e5ngt bak i svaljet som det bara g\u00e5r och sedan sk\u00f6lja ner med ett riktigt stort glas vatten. D\u00e5 brukar det g\u00e5 bra! Tack f\u00f6r tipset!2. Ang\u00e5ende min tr\u00e4ning och kost.Hej Emelie, jag tycker att ditt inl\u00e4gg var riktigt bra. \u00d6verlag \u00e4r det s\u00e5 mycket fixering vid vikt s\u00e5 &#8230; <a title=\"Lite svar..\" class=\"read-more\" href=\"https:\/\/blogg.improveme.se\/emeliemattsson\/2009\/06\/12\/lite-svar\/\" aria-label=\"L\u00e4s mer om Lite svar..\">L\u00e4s mer<\/a><\/p>\n","protected":false},"author":1715,"featured_media":0,"comment_status":"open","ping_status":"open","sticky":false,"template":"","format":"standard","meta":{"footnotes":""},"categories":[1],"tags":[],"class_list":["post-255","post","type-post","status-publish","format-standard","hentry","category-gamlainlagg"],"_links":{"self":[{"href":"https:\/\/blogg.improveme.se\/emeliemattsson\/wp-json\/wp\/v2\/posts\/255","targetHints":{"allow":["GET"]}}],"collection":[{"href":"https:\/\/blogg.improveme.se\/emeliemattsson\/wp-json\/wp\/v2\/posts"}],"about":[{"href":"https:\/\/blogg.improveme.se\/emeliemattsson\/wp-json\/wp\/v2\/types\/post"}],"author":[{"embeddable":true,"href":"https:\/\/blogg.improveme.se\/emeliemattsson\/wp-json\/wp\/v2\/users\/1715"}],"replies":[{"embeddable":true,"href":"https:\/\/blogg.improveme.se\/emeliemattsson\/wp-json\/wp\/v2\/comments?post=255"}],"version-history":[{"count":0,"href":"https:\/\/blogg.improveme.se\/emeliemattsson\/wp-json\/wp\/v2\/posts\/255\/revisions"}],"wp:attachment":[{"href":"https:\/\/blogg.improveme.se\/emeliemattsson\/wp-json\/wp\/v2\/media?parent=255"}],"wp:term":[{"taxonomy":"category","embeddable":true,"href":"https:\/\/blogg.improveme.se\/emeliemattsson\/wp-json\/wp\/v2\/categories?post=255"},{"taxonomy":"post_tag","embeddable":true,"href":"https:\/\/blogg.improveme.se\/emeliemattsson\/wp-json\/wp\/v2\/tags?post=255"}],"curies":[{"name":"wp","href":"https:\/\/api.w.org\/{rel}","templated":true}]}}