{"id":2559,"date":"2012-02-13T07:55:45","date_gmt":"2012-02-13T06:55:45","guid":{"rendered":"http:\/\/blogg.improveme.se\/emeliemattsson\/?p=2559"},"modified":"2012-02-13T07:55:45","modified_gmt":"2012-02-13T06:55:45","slug":"pt-grupp-torsdag-162","status":"publish","type":"post","link":"https:\/\/blogg.improveme.se\/emeliemattsson\/2012\/02\/13\/pt-grupp-torsdag-162\/","title":{"rendered":"PT grupp torsdag 16\/2"},"content":{"rendered":"<p>P\u00e5 torsdag s\u00e4tter jag ig\u00e5ng med min f\u00f6rsta <strong>PT grupp<\/strong>. Tanken bakom detta skapades n\u00e4r jag fick m\u00e5nga mail fr\u00e5n studente som k\u00e4nde att de inte hade r\u00e5d\u00a0att betala f\u00f6r en enskild PT timme. Meningen\u00a0\u00e4r att alla ska ha r\u00e5d med en PT och i dessa mindre, fortf personliga grupperna g\u00f6r att det fortfarande beh\u00e5ller PT one by one k\u00e4nslan men till ett b\u00e4ttre pris:) Jag kommer att ha 1-2klasser i veckan och de flesta veckorna \u00e4r n\u00e4stan redan fullbokade, men en plats finns kvar p\u00e5 torsdag och en n\u00e4sta tisdag s\u00e5 maila mig om du \u00e4r intresserad. Vi h\u00e5ller till p\u00e5 Rosengatan 1 (tbana r\u00e5dmansgatan). Alla \u00e4r v\u00e4lkomna och ni f\u00e5r j\u00e4tteg\u00e4rna ta med en v\u00e4n om ni informerar mig om detta innan.<\/p>\n<p><a href=\"mailto:emelie.mh.mattsson@gmail.com\">emelie.mh.mattsson@gmail.com<\/a><\/p>\n<p>Kram<\/p>\n","protected":false},"excerpt":{"rendered":"<p>P\u00e5 torsdag s\u00e4tter jag ig\u00e5ng med min f\u00f6rsta PT grupp. Tanken bakom detta skapades n\u00e4r jag fick m\u00e5nga mail fr\u00e5n studente som k\u00e4nde att de inte hade r\u00e5d\u00a0att betala f\u00f6r en enskild PT timme. Meningen\u00a0\u00e4r att alla ska ha r\u00e5d med en PT och i dessa mindre, fortf personliga grupperna g\u00f6r att det fortfarande beh\u00e5ller &#8230; <a title=\"PT grupp torsdag 16\/2\" class=\"read-more\" href=\"https:\/\/blogg.improveme.se\/emeliemattsson\/2012\/02\/13\/pt-grupp-torsdag-162\/\" aria-label=\"L\u00e4s mer om PT grupp torsdag 16\/2\">L\u00e4s mer<\/a><\/p>\n","protected":false},"author":1715,"featured_media":0,"comment_status":"open","ping_status":"open","sticky":false,"template":"","format":"standard","meta":{"footnotes":""},"categories":[1],"tags":[],"class_list":["post-2559","post","type-post","status-publish","format-standard","hentry","category-gamlainlagg"],"_links":{"self":[{"href":"https:\/\/blogg.improveme.se\/emeliemattsson\/wp-json\/wp\/v2\/posts\/2559","targetHints":{"allow":["GET"]}}],"collection":[{"href":"https:\/\/blogg.improveme.se\/emeliemattsson\/wp-json\/wp\/v2\/posts"}],"about":[{"href":"https:\/\/blogg.improveme.se\/emeliemattsson\/wp-json\/wp\/v2\/types\/post"}],"author":[{"embeddable":true,"href":"https:\/\/blogg.improveme.se\/emeliemattsson\/wp-json\/wp\/v2\/users\/1715"}],"replies":[{"embeddable":true,"href":"https:\/\/blogg.improveme.se\/emeliemattsson\/wp-json\/wp\/v2\/comments?post=2559"}],"version-history":[{"count":0,"href":"https:\/\/blogg.improveme.se\/emeliemattsson\/wp-json\/wp\/v2\/posts\/2559\/revisions"}],"wp:attachment":[{"href":"https:\/\/blogg.improveme.se\/emeliemattsson\/wp-json\/wp\/v2\/media?parent=2559"}],"wp:term":[{"taxonomy":"category","embeddable":true,"href":"https:\/\/blogg.improveme.se\/emeliemattsson\/wp-json\/wp\/v2\/categories?post=2559"},{"taxonomy":"post_tag","embeddable":true,"href":"https:\/\/blogg.improveme.se\/emeliemattsson\/wp-json\/wp\/v2\/tags?post=2559"}],"curies":[{"name":"wp","href":"https:\/\/api.w.org\/{rel}","templated":true}]}}