{"id":2589,"date":"2012-02-15T07:46:07","date_gmt":"2012-02-15T06:46:07","guid":{"rendered":"http:\/\/blogg.improveme.se\/emeliemattsson\/?p=2589"},"modified":"2012-02-15T07:46:07","modified_gmt":"2012-02-15T06:46:07","slug":"nedforsbacke","status":"publish","type":"post","link":"https:\/\/blogg.improveme.se\/emeliemattsson\/2012\/02\/15\/nedforsbacke\/","title":{"rendered":"Nedf\u00f6rsbacke:)"},"content":{"rendered":"<p>Vilken h\u00e4rlig dag! Promenerade till jobbet en timme senare idag och det har blivit ljusare nu! Nu \u00e4r det nedf\u00f6rsbacke:) Snart \u00e4r v\u00e5ren h\u00e4r och snart kan vi byta till en lite mer avkl\u00e4dd garderob:) H\u00e4rligt!<\/p>\n<p>Sen m\u00e5ste jag bara s\u00e4ga hur fantastiskt det \u00e4r att s\u00e5 m\u00e5nga av er har Motivationen uppe. jag m\u00e4rker det p\u00e5 hur stort intresse det \u00e4r p\u00e5 b\u00e5de kostschema och PT grupperna jag arrangerat. Enbart f\u00e5tal platser kvar fram tills April! \ud83d\ude42 M\u00e5ste nog ut\u00f6ka till fler pass om det ska forts\u00e4tta s\u00e5h\u00e4r.\u00a0 Sitter och planerar lite inf\u00f6r morgondagens PT grupp.<\/p>\n<p>Nu blir det lite klienter och sedan ska jag tr\u00e4ffa upp min v\u00e4n Felipe som hj\u00e4lper mig med ekonomin.<\/p>\n<p>KRAM<\/p>\n","protected":false},"excerpt":{"rendered":"<p>Vilken h\u00e4rlig dag! Promenerade till jobbet en timme senare idag och det har blivit ljusare nu! Nu \u00e4r det nedf\u00f6rsbacke:) Snart \u00e4r v\u00e5ren h\u00e4r och snart kan vi byta till en lite mer avkl\u00e4dd garderob:) H\u00e4rligt! Sen m\u00e5ste jag bara s\u00e4ga hur fantastiskt det \u00e4r att s\u00e5 m\u00e5nga av er har Motivationen uppe. jag m\u00e4rker &#8230; <a title=\"Nedf\u00f6rsbacke:)\" class=\"read-more\" href=\"https:\/\/blogg.improveme.se\/emeliemattsson\/2012\/02\/15\/nedforsbacke\/\" aria-label=\"L\u00e4s mer om Nedf\u00f6rsbacke:)\">L\u00e4s mer<\/a><\/p>\n","protected":false},"author":1715,"featured_media":0,"comment_status":"open","ping_status":"open","sticky":false,"template":"","format":"standard","meta":{"footnotes":""},"categories":[1],"tags":[],"class_list":["post-2589","post","type-post","status-publish","format-standard","hentry","category-gamlainlagg"],"_links":{"self":[{"href":"https:\/\/blogg.improveme.se\/emeliemattsson\/wp-json\/wp\/v2\/posts\/2589","targetHints":{"allow":["GET"]}}],"collection":[{"href":"https:\/\/blogg.improveme.se\/emeliemattsson\/wp-json\/wp\/v2\/posts"}],"about":[{"href":"https:\/\/blogg.improveme.se\/emeliemattsson\/wp-json\/wp\/v2\/types\/post"}],"author":[{"embeddable":true,"href":"https:\/\/blogg.improveme.se\/emeliemattsson\/wp-json\/wp\/v2\/users\/1715"}],"replies":[{"embeddable":true,"href":"https:\/\/blogg.improveme.se\/emeliemattsson\/wp-json\/wp\/v2\/comments?post=2589"}],"version-history":[{"count":0,"href":"https:\/\/blogg.improveme.se\/emeliemattsson\/wp-json\/wp\/v2\/posts\/2589\/revisions"}],"wp:attachment":[{"href":"https:\/\/blogg.improveme.se\/emeliemattsson\/wp-json\/wp\/v2\/media?parent=2589"}],"wp:term":[{"taxonomy":"category","embeddable":true,"href":"https:\/\/blogg.improveme.se\/emeliemattsson\/wp-json\/wp\/v2\/categories?post=2589"},{"taxonomy":"post_tag","embeddable":true,"href":"https:\/\/blogg.improveme.se\/emeliemattsson\/wp-json\/wp\/v2\/tags?post=2589"}],"curies":[{"name":"wp","href":"https:\/\/api.w.org\/{rel}","templated":true}]}}