{"id":2598,"date":"2012-02-16T20:04:38","date_gmt":"2012-02-16T19:04:38","guid":{"rendered":"http:\/\/blogg.improveme.se\/emeliemattsson\/?p=2598"},"modified":"2012-02-16T20:04:38","modified_gmt":"2012-02-16T19:04:38","slug":"pt-grupperna-ar-igang","status":"publish","type":"post","link":"https:\/\/blogg.improveme.se\/emeliemattsson\/2012\/02\/16\/pt-grupperna-ar-igang\/","title":{"rendered":"PT GRUPPERNA \u00c4R IG\u00c5NG!"},"content":{"rendered":"<p>F\u00f6rsta PTgruppen avklarad. Vilket j\u00e4kla\u00a0vinnarteam som k\u00e4mpade p\u00e5 in i det sista:) \u00a0Nu \u00e4r vi ig\u00e5ng och ska inte tappa motivationen!\u00a0S\u00e5\u00e5 grymma hela bunten och alla som medverkade idag ska vara stolta \u00f6ver sig sj\u00e4lva och sin prestation! Nu \u00e4r det HEJ till en ny stark,fit och mer tonad kropp!<\/p>\n<p>Jag l\u00e4ngtar tills jag ska h\u00e5lla n\u00e4sta pass med er. N\u00e5gra gamla och n\u00e5gra nya ansikten blir det p\u00e5 tisdag. Och alla l\u00e4sare:) Det \u00e4r s\u00e5\u00e5 kul att f\u00e5 tr\u00e4ffa er som vet s\u00e5 mkt om mig, och jag vet egentligen ingenting om er. Inte visste jag att s\u00e5 snygga tjejer l\u00e4ste min blogg:)<\/p>\n<p>Detta kommer h\u00e5lla ig\u00e5ng hela v\u00e4gen till sommaren s\u00e5 h\u00f6r av dig om DU vill joina v\u00e5rt grupp PT pass. Tisdagar 18-19 eller 19,30-20,30.<\/p>\n<p>Vi kommer \u00e4ven ut\u00f6ka till torsdagar 18-19.<\/p>\n<p>Maila mig om du \u00e4r intresserad: emelie.mh.mattsson@gmail.com<\/p>\n<p>KRAAM<\/p>\n","protected":false},"excerpt":{"rendered":"<p>F\u00f6rsta PTgruppen avklarad. Vilket j\u00e4kla\u00a0vinnarteam som k\u00e4mpade p\u00e5 in i det sista:) \u00a0Nu \u00e4r vi ig\u00e5ng och ska inte tappa motivationen!\u00a0S\u00e5\u00e5 grymma hela bunten och alla som medverkade idag ska vara stolta \u00f6ver sig sj\u00e4lva och sin prestation! Nu \u00e4r det HEJ till en ny stark,fit och mer tonad kropp! Jag l\u00e4ngtar tills jag ska &#8230; <a title=\"PT GRUPPERNA \u00c4R IG\u00c5NG!\" class=\"read-more\" href=\"https:\/\/blogg.improveme.se\/emeliemattsson\/2012\/02\/16\/pt-grupperna-ar-igang\/\" aria-label=\"L\u00e4s mer om PT GRUPPERNA \u00c4R IG\u00c5NG!\">L\u00e4s mer<\/a><\/p>\n","protected":false},"author":1715,"featured_media":0,"comment_status":"open","ping_status":"open","sticky":false,"template":"","format":"standard","meta":{"footnotes":""},"categories":[1],"tags":[],"class_list":["post-2598","post","type-post","status-publish","format-standard","hentry","category-gamlainlagg"],"_links":{"self":[{"href":"https:\/\/blogg.improveme.se\/emeliemattsson\/wp-json\/wp\/v2\/posts\/2598","targetHints":{"allow":["GET"]}}],"collection":[{"href":"https:\/\/blogg.improveme.se\/emeliemattsson\/wp-json\/wp\/v2\/posts"}],"about":[{"href":"https:\/\/blogg.improveme.se\/emeliemattsson\/wp-json\/wp\/v2\/types\/post"}],"author":[{"embeddable":true,"href":"https:\/\/blogg.improveme.se\/emeliemattsson\/wp-json\/wp\/v2\/users\/1715"}],"replies":[{"embeddable":true,"href":"https:\/\/blogg.improveme.se\/emeliemattsson\/wp-json\/wp\/v2\/comments?post=2598"}],"version-history":[{"count":0,"href":"https:\/\/blogg.improveme.se\/emeliemattsson\/wp-json\/wp\/v2\/posts\/2598\/revisions"}],"wp:attachment":[{"href":"https:\/\/blogg.improveme.se\/emeliemattsson\/wp-json\/wp\/v2\/media?parent=2598"}],"wp:term":[{"taxonomy":"category","embeddable":true,"href":"https:\/\/blogg.improveme.se\/emeliemattsson\/wp-json\/wp\/v2\/categories?post=2598"},{"taxonomy":"post_tag","embeddable":true,"href":"https:\/\/blogg.improveme.se\/emeliemattsson\/wp-json\/wp\/v2\/tags?post=2598"}],"curies":[{"name":"wp","href":"https:\/\/api.w.org\/{rel}","templated":true}]}}