{"id":2641,"date":"2012-02-20T13:56:12","date_gmt":"2012-02-20T12:56:12","guid":{"rendered":"http:\/\/blogg.improveme.se\/emeliemattsson\/?p=2641"},"modified":"2012-02-20T13:56:12","modified_gmt":"2012-02-20T12:56:12","slug":"dags-for-framsida-3","status":"publish","type":"post","link":"https:\/\/blogg.improveme.se\/emeliemattsson\/2012\/02\/20\/dags-for-framsida-3\/","title":{"rendered":"Dags f\u00f6r framsida"},"content":{"rendered":"<p>M\u00e5ndag och dags f\u00f6r framsida ben men \u00e4ven fokus p\u00e5 rumpan s\u00e5klart. \u00c4r fortf innen i min tunga period. Andra veckan nu:)Den ska ha volym och en snygg separation ifr\u00e5n hamstring ( ni f\u00f6rst\u00e5r vad jag menar) Det \u00e4r inte speciellt snyggt om man inte ser slutet p\u00e5 gluteus \ud83d\ude42<img loading=\"lazy\" decoding=\"async\" class=\"alignnone size-full wp-image-2643\" src=\"http:\/\/blogg.improveme.se\/emeliemattsson\/files\/2012\/02\/Bild-2012-02-20-kl.-13.50.jpg\" alt=\"\" width=\"486\" height=\"478\" srcset=\"https:\/\/blogg.improveme.se\/emeliemattsson\/files\/2012\/02\/Bild-2012-02-20-kl.-13.50.jpg 486w, https:\/\/blogg.improveme.se\/emeliemattsson\/files\/2012\/02\/Bild-2012-02-20-kl.-13.50-300x295.jpg 300w\" sizes=\"auto, (max-width: 486px) 100vw, 486px\" \/><\/p>\n<p><a href=\"http:\/\/blogg.improveme.se\/emeliemattsson\/files\/2012\/02\/Bild-2012-02-20-kl.-13.50-2.jpg\"><img loading=\"lazy\" decoding=\"async\" class=\"alignnone size-full wp-image-2644\" src=\"http:\/\/blogg.improveme.se\/emeliemattsson\/files\/2012\/02\/Bild-2012-02-20-kl.-13.50-2.jpg\" alt=\"\" width=\"640\" height=\"480\" srcset=\"https:\/\/blogg.improveme.se\/emeliemattsson\/files\/2012\/02\/Bild-2012-02-20-kl.-13.50-2.jpg 640w, https:\/\/blogg.improveme.se\/emeliemattsson\/files\/2012\/02\/Bild-2012-02-20-kl.-13.50-2-300x225.jpg 300w\" sizes=\"auto, (max-width: 640px) 100vw, 640px\" \/><\/a><\/p>\n<p>Kram<\/p>\n","protected":false},"excerpt":{"rendered":"<p>M\u00e5ndag och dags f\u00f6r framsida ben men \u00e4ven fokus p\u00e5 rumpan s\u00e5klart. \u00c4r fortf innen i min tunga period. Andra veckan nu:)Den ska ha volym och en snygg separation ifr\u00e5n hamstring ( ni f\u00f6rst\u00e5r vad jag menar) Det \u00e4r inte speciellt snyggt om man inte ser slutet p\u00e5 gluteus \ud83d\ude42 Kram<\/p>\n","protected":false},"author":1715,"featured_media":0,"comment_status":"open","ping_status":"open","sticky":false,"template":"","format":"standard","meta":{"footnotes":""},"categories":[1],"tags":[],"class_list":["post-2641","post","type-post","status-publish","format-standard","hentry","category-gamlainlagg"],"_links":{"self":[{"href":"https:\/\/blogg.improveme.se\/emeliemattsson\/wp-json\/wp\/v2\/posts\/2641","targetHints":{"allow":["GET"]}}],"collection":[{"href":"https:\/\/blogg.improveme.se\/emeliemattsson\/wp-json\/wp\/v2\/posts"}],"about":[{"href":"https:\/\/blogg.improveme.se\/emeliemattsson\/wp-json\/wp\/v2\/types\/post"}],"author":[{"embeddable":true,"href":"https:\/\/blogg.improveme.se\/emeliemattsson\/wp-json\/wp\/v2\/users\/1715"}],"replies":[{"embeddable":true,"href":"https:\/\/blogg.improveme.se\/emeliemattsson\/wp-json\/wp\/v2\/comments?post=2641"}],"version-history":[{"count":0,"href":"https:\/\/blogg.improveme.se\/emeliemattsson\/wp-json\/wp\/v2\/posts\/2641\/revisions"}],"wp:attachment":[{"href":"https:\/\/blogg.improveme.se\/emeliemattsson\/wp-json\/wp\/v2\/media?parent=2641"}],"wp:term":[{"taxonomy":"category","embeddable":true,"href":"https:\/\/blogg.improveme.se\/emeliemattsson\/wp-json\/wp\/v2\/categories?post=2641"},{"taxonomy":"post_tag","embeddable":true,"href":"https:\/\/blogg.improveme.se\/emeliemattsson\/wp-json\/wp\/v2\/tags?post=2641"}],"curies":[{"name":"wp","href":"https:\/\/api.w.org\/{rel}","templated":true}]}}