{"id":2667,"date":"2012-02-21T21:51:59","date_gmt":"2012-02-21T20:51:59","guid":{"rendered":"http:\/\/blogg.improveme.se\/emeliemattsson\/?p=2667"},"modified":"2012-02-21T21:51:59","modified_gmt":"2012-02-21T20:51:59","slug":"pt-grupperna","status":"publish","type":"post","link":"https:\/\/blogg.improveme.se\/emeliemattsson\/2012\/02\/21\/pt-grupperna\/","title":{"rendered":"PT grupperna"},"content":{"rendered":"<p>Jag m\u00e5ste s\u00e4ga att dagens tv\u00e5 grupper var fantastiska! Vilka underbara tjejer hela bunten! Andra gruppen tr\u00e4ffade jag f\u00f6r andra g\u00e5ngen och blev riktigt imponerad av dem m\u00e5ste jag s\u00e4ga! Ocks\u00e5 s\u00e5 oerh\u00f6rt kul att tr\u00e4ffa alla er som vet ganska mkt om mig, och jag egentligen ingenting om er. L\u00e4ngtar redan tills n\u00e4sta tisdag n\u00e4r vi k\u00f6r igen! \ud83d\ude42<\/p>\n<p>Nu j\u00e4klar k\u00f6r vi hela v\u00e4gen till m\u00e5let! N\u00e5gra av de grymma tjejerna p\u00e5 pass 1 med sina shakes fr\u00e5n <a href=\"http:\/\/www.fitnesspolaren.se\" target=\"_blank\">Fitnesspolaren.se<\/a><\/p>\n<p><a href=\"http:\/\/blogg.improveme.se\/emeliemattsson\/files\/2012\/02\/photo-33.jpg\"><img loading=\"lazy\" decoding=\"async\" class=\"alignnone size-full wp-image-2668\" src=\"http:\/\/blogg.improveme.se\/emeliemattsson\/files\/2012\/02\/photo-33.jpg\" alt=\"\" width=\"640\" height=\"480\" srcset=\"https:\/\/blogg.improveme.se\/emeliemattsson\/files\/2012\/02\/photo-33.jpg 640w, https:\/\/blogg.improveme.se\/emeliemattsson\/files\/2012\/02\/photo-33-300x225.jpg 300w\" sizes=\"auto, (max-width: 640px) 100vw, 640px\" \/><\/a><\/p>\n<p>&nbsp;<\/p>\n","protected":false},"excerpt":{"rendered":"<p>Jag m\u00e5ste s\u00e4ga att dagens tv\u00e5 grupper var fantastiska! Vilka underbara tjejer hela bunten! Andra gruppen tr\u00e4ffade jag f\u00f6r andra g\u00e5ngen och blev riktigt imponerad av dem m\u00e5ste jag s\u00e4ga! Ocks\u00e5 s\u00e5 oerh\u00f6rt kul att tr\u00e4ffa alla er som vet ganska mkt om mig, och jag egentligen ingenting om er. L\u00e4ngtar redan tills n\u00e4sta tisdag &#8230; <a title=\"PT grupperna\" class=\"read-more\" href=\"https:\/\/blogg.improveme.se\/emeliemattsson\/2012\/02\/21\/pt-grupperna\/\" aria-label=\"L\u00e4s mer om PT grupperna\">L\u00e4s mer<\/a><\/p>\n","protected":false},"author":1715,"featured_media":0,"comment_status":"open","ping_status":"open","sticky":false,"template":"","format":"standard","meta":{"footnotes":""},"categories":[1],"tags":[],"class_list":["post-2667","post","type-post","status-publish","format-standard","hentry","category-gamlainlagg"],"_links":{"self":[{"href":"https:\/\/blogg.improveme.se\/emeliemattsson\/wp-json\/wp\/v2\/posts\/2667","targetHints":{"allow":["GET"]}}],"collection":[{"href":"https:\/\/blogg.improveme.se\/emeliemattsson\/wp-json\/wp\/v2\/posts"}],"about":[{"href":"https:\/\/blogg.improveme.se\/emeliemattsson\/wp-json\/wp\/v2\/types\/post"}],"author":[{"embeddable":true,"href":"https:\/\/blogg.improveme.se\/emeliemattsson\/wp-json\/wp\/v2\/users\/1715"}],"replies":[{"embeddable":true,"href":"https:\/\/blogg.improveme.se\/emeliemattsson\/wp-json\/wp\/v2\/comments?post=2667"}],"version-history":[{"count":0,"href":"https:\/\/blogg.improveme.se\/emeliemattsson\/wp-json\/wp\/v2\/posts\/2667\/revisions"}],"wp:attachment":[{"href":"https:\/\/blogg.improveme.se\/emeliemattsson\/wp-json\/wp\/v2\/media?parent=2667"}],"wp:term":[{"taxonomy":"category","embeddable":true,"href":"https:\/\/blogg.improveme.se\/emeliemattsson\/wp-json\/wp\/v2\/categories?post=2667"},{"taxonomy":"post_tag","embeddable":true,"href":"https:\/\/blogg.improveme.se\/emeliemattsson\/wp-json\/wp\/v2\/tags?post=2667"}],"curies":[{"name":"wp","href":"https:\/\/api.w.org\/{rel}","templated":true}]}}