{"id":2688,"date":"2012-02-24T20:54:21","date_gmt":"2012-02-24T19:54:21","guid":{"rendered":"http:\/\/blogg.improveme.se\/emeliemattsson\/?p=2688"},"modified":"2012-02-24T20:54:21","modified_gmt":"2012-02-24T19:54:21","slug":"dipl-massage-terapeut","status":"publish","type":"post","link":"https:\/\/blogg.improveme.se\/emeliemattsson\/2012\/02\/24\/dipl-massage-terapeut\/","title":{"rendered":"Dipl. massage terapeut"},"content":{"rendered":"<p>Vi l\u00e4r oss s\u00e5 mkt p\u00e5 massageutbildningen! S\u00f6ndag \u00e4r sista dagen och imorgon har jag min f\u00f6rsta 1tim massage behandling. Vi har enbart jobbat per muskelgrupp och kroppsdel innan men imorgon \u00e4r det f\u00f6rsta helkroppsmassagen. Jag har f\u00e5tt fr\u00e5gan om jag kommer ta emot massageklienter. Svaret \u00e4r nej. Jag arbetar med en lite mer djupg\u00e5ende massage och kommer till en start bara att anv\u00e4nda det p\u00e5 mina klienter och i tr\u00e4ningssyfte. Att jobba som mass\u00f6r ligger inte i mitt intresse utan anledningen till varf\u00f6r jag l\u00e4st till Dipl.Massage terapeut \u00e4r f\u00f6r att jag vill bredda min kunskap inom tr\u00e4ning.<\/p>\n<p>KRAAM<\/p>\n","protected":false},"excerpt":{"rendered":"<p>Vi l\u00e4r oss s\u00e5 mkt p\u00e5 massageutbildningen! S\u00f6ndag \u00e4r sista dagen och imorgon har jag min f\u00f6rsta 1tim massage behandling. Vi har enbart jobbat per muskelgrupp och kroppsdel innan men imorgon \u00e4r det f\u00f6rsta helkroppsmassagen. Jag har f\u00e5tt fr\u00e5gan om jag kommer ta emot massageklienter. Svaret \u00e4r nej. Jag arbetar med en lite mer djupg\u00e5ende &#8230; <a title=\"Dipl. massage terapeut\" class=\"read-more\" href=\"https:\/\/blogg.improveme.se\/emeliemattsson\/2012\/02\/24\/dipl-massage-terapeut\/\" aria-label=\"L\u00e4s mer om Dipl. massage terapeut\">L\u00e4s mer<\/a><\/p>\n","protected":false},"author":1715,"featured_media":0,"comment_status":"open","ping_status":"open","sticky":false,"template":"","format":"standard","meta":{"footnotes":""},"categories":[1],"tags":[],"class_list":["post-2688","post","type-post","status-publish","format-standard","hentry","category-gamlainlagg"],"_links":{"self":[{"href":"https:\/\/blogg.improveme.se\/emeliemattsson\/wp-json\/wp\/v2\/posts\/2688","targetHints":{"allow":["GET"]}}],"collection":[{"href":"https:\/\/blogg.improveme.se\/emeliemattsson\/wp-json\/wp\/v2\/posts"}],"about":[{"href":"https:\/\/blogg.improveme.se\/emeliemattsson\/wp-json\/wp\/v2\/types\/post"}],"author":[{"embeddable":true,"href":"https:\/\/blogg.improveme.se\/emeliemattsson\/wp-json\/wp\/v2\/users\/1715"}],"replies":[{"embeddable":true,"href":"https:\/\/blogg.improveme.se\/emeliemattsson\/wp-json\/wp\/v2\/comments?post=2688"}],"version-history":[{"count":0,"href":"https:\/\/blogg.improveme.se\/emeliemattsson\/wp-json\/wp\/v2\/posts\/2688\/revisions"}],"wp:attachment":[{"href":"https:\/\/blogg.improveme.se\/emeliemattsson\/wp-json\/wp\/v2\/media?parent=2688"}],"wp:term":[{"taxonomy":"category","embeddable":true,"href":"https:\/\/blogg.improveme.se\/emeliemattsson\/wp-json\/wp\/v2\/categories?post=2688"},{"taxonomy":"post_tag","embeddable":true,"href":"https:\/\/blogg.improveme.se\/emeliemattsson\/wp-json\/wp\/v2\/tags?post=2688"}],"curies":[{"name":"wp","href":"https:\/\/api.w.org\/{rel}","templated":true}]}}