{"id":2763,"date":"2012-03-05T06:00:01","date_gmt":"2012-03-05T05:00:01","guid":{"rendered":"http:\/\/blogg.improveme.se\/emeliemattsson\/?p=2763"},"modified":"2012-03-05T06:00:01","modified_gmt":"2012-03-05T05:00:01","slug":"mandags-jobb","status":"publish","type":"post","link":"https:\/\/blogg.improveme.se\/emeliemattsson\/2012\/03\/05\/mandags-jobb\/","title":{"rendered":"M\u00e5ndags-jobb"},"content":{"rendered":"<p>Sitter och f\u00e5r i mig min frukost. Jag har hittat ett s\u00e5nt himla gott \u00e4kta vaniljpulver p\u00e5 coop som \u00e4r super god att ha i gr\u00f6ten:) testa! Det \u00e4r en liten burk och man ska bara ha i lite lite, men det ger en riktigt god smak:)<\/p>\n<p>M\u00e5ndagar \u00e4r min tidiga dag och d\u00e5 \u00e4r det full fart mellan 06,30 och 14,30. Sen ska jag till b\u00e4sta <strong>Jenny p\u00e5 finare fransar<\/strong> igen och bygga lite fler fransar (vi hade inte s\u00e5 l\u00e5ng tid p\u00e5 oss sist).<\/p>\n<p>Idag b\u00f6rjar nya tr\u00e4ningsuppl\u00e4gget ocks\u00e5. tjohoooo vad jag l\u00e4ngtar:) Har rej\u00e4l tr\u00e4ningsv\u00e4rk i baksidan idag s\u00e5 det \u00e4r sk\u00f6nt:) H\u00e4r f\u00e5r ni lite inspiration!<\/p>\n<p><a href=\"http:\/\/blogg.improveme.se\/emeliemattsson\/files\/2012\/03\/nicole_wilkins_lee_3.jpg\"><img loading=\"lazy\" decoding=\"async\" class=\"alignnone size-full wp-image-2764\" src=\"http:\/\/blogg.improveme.se\/emeliemattsson\/files\/2012\/03\/nicole_wilkins_lee_3.jpg\" alt=\"\" width=\"635\" height=\"476\" srcset=\"https:\/\/blogg.improveme.se\/emeliemattsson\/files\/2012\/03\/nicole_wilkins_lee_3.jpg 635w, https:\/\/blogg.improveme.se\/emeliemattsson\/files\/2012\/03\/nicole_wilkins_lee_3-300x224.jpg 300w\" sizes=\"auto, (max-width: 635px) 100vw, 635px\" \/><\/a><\/p>\n","protected":false},"excerpt":{"rendered":"<p>Sitter och f\u00e5r i mig min frukost. Jag har hittat ett s\u00e5nt himla gott \u00e4kta vaniljpulver p\u00e5 coop som \u00e4r super god att ha i gr\u00f6ten:) testa! Det \u00e4r en liten burk och man ska bara ha i lite lite, men det ger en riktigt god smak:) M\u00e5ndagar \u00e4r min tidiga dag och d\u00e5 \u00e4r &#8230; <a title=\"M\u00e5ndags-jobb\" class=\"read-more\" href=\"https:\/\/blogg.improveme.se\/emeliemattsson\/2012\/03\/05\/mandags-jobb\/\" aria-label=\"L\u00e4s mer om M\u00e5ndags-jobb\">L\u00e4s mer<\/a><\/p>\n","protected":false},"author":1715,"featured_media":0,"comment_status":"open","ping_status":"open","sticky":false,"template":"","format":"standard","meta":{"footnotes":""},"categories":[1],"tags":[],"class_list":["post-2763","post","type-post","status-publish","format-standard","hentry","category-gamlainlagg"],"_links":{"self":[{"href":"https:\/\/blogg.improveme.se\/emeliemattsson\/wp-json\/wp\/v2\/posts\/2763","targetHints":{"allow":["GET"]}}],"collection":[{"href":"https:\/\/blogg.improveme.se\/emeliemattsson\/wp-json\/wp\/v2\/posts"}],"about":[{"href":"https:\/\/blogg.improveme.se\/emeliemattsson\/wp-json\/wp\/v2\/types\/post"}],"author":[{"embeddable":true,"href":"https:\/\/blogg.improveme.se\/emeliemattsson\/wp-json\/wp\/v2\/users\/1715"}],"replies":[{"embeddable":true,"href":"https:\/\/blogg.improveme.se\/emeliemattsson\/wp-json\/wp\/v2\/comments?post=2763"}],"version-history":[{"count":0,"href":"https:\/\/blogg.improveme.se\/emeliemattsson\/wp-json\/wp\/v2\/posts\/2763\/revisions"}],"wp:attachment":[{"href":"https:\/\/blogg.improveme.se\/emeliemattsson\/wp-json\/wp\/v2\/media?parent=2763"}],"wp:term":[{"taxonomy":"category","embeddable":true,"href":"https:\/\/blogg.improveme.se\/emeliemattsson\/wp-json\/wp\/v2\/categories?post=2763"},{"taxonomy":"post_tag","embeddable":true,"href":"https:\/\/blogg.improveme.se\/emeliemattsson\/wp-json\/wp\/v2\/tags?post=2763"}],"curies":[{"name":"wp","href":"https:\/\/api.w.org\/{rel}","templated":true}]}}