{"id":2799,"date":"2012-03-07T06:02:16","date_gmt":"2012-03-07T05:02:16","guid":{"rendered":"http:\/\/blogg.improveme.se\/emeliemattsson\/?p=2799"},"modified":"2012-03-07T06:02:16","modified_gmt":"2012-03-07T05:02:16","slug":"personlig-tranare-infor-sommaren","status":"publish","type":"post","link":"https:\/\/blogg.improveme.se\/emeliemattsson\/2012\/03\/07\/personlig-tranare-infor-sommaren\/","title":{"rendered":"Personlig Tr\u00e4nare inf\u00f6r sommaren."},"content":{"rendered":"<p>K\u00e4nner du att du har tappat motivationen\/inte riktigt kommer ig\u00e5ng med tr\u00e4ningen s\u00e5som du skulle vilja? Eller kanske dubara vill komma utanf\u00f6r ditt eget trygghetsm\u00f6nster nr det kommer till tr\u00e4ningen. Komig\u00e5ng med minhj\u00e4lp nu. Det \u00e4r aldrig f\u00f6r sent att komma i din sommarform eller livsform. Jag hj\u00e4lper dig med b\u00e5de kost och tr\u00e4ning. Maila mig: emelie.mh.mattsson@gmail.com<\/p>\n<h2><span style=\"color: #00ff00\"><strong>KOMIG\u00c5NG PT PAKET 1:<\/strong><\/span><\/h2>\n<p>Konsultation<\/p>\n<p>Skr\u00e4ddarsytt kostschema<\/p>\n<p>Skr\u00e4ddarsytt Tr\u00e4ningsschema (uppl\u00e4gg, helkropp-5split,\u00f6vningar osv)<\/p>\n<p>1PT timme<\/p>\n<p>1500kr<\/p>\n<p>&nbsp;<\/p>\n<h2><span style=\"color: #00ff00\"><strong>KOMIG\u00c5NG PT PAKET 2:<\/strong><\/span><\/h2>\n<p>Konsultation<\/p>\n<p>Skr\u00e4ddarsytt kostschema<\/p>\n<p>Skr\u00e4ddarsytt Tr\u00e4ningsschema\u00a0(uppl\u00e4gg, helkropp-5split,\u00f6vningar osv)<\/p>\n<p>3PT timmar<\/p>\n<h2>\u00a02500kr<\/h2>\n<p>&nbsp;<\/p>\n","protected":false},"excerpt":{"rendered":"<p>K\u00e4nner du att du har tappat motivationen\/inte riktigt kommer ig\u00e5ng med tr\u00e4ningen s\u00e5som du skulle vilja? Eller kanske dubara vill komma utanf\u00f6r ditt eget trygghetsm\u00f6nster nr det kommer till tr\u00e4ningen. Komig\u00e5ng med minhj\u00e4lp nu. Det \u00e4r aldrig f\u00f6r sent att komma i din sommarform eller livsform. Jag hj\u00e4lper dig med b\u00e5de kost och tr\u00e4ning. Maila &#8230; <a title=\"Personlig Tr\u00e4nare inf\u00f6r sommaren.\" class=\"read-more\" href=\"https:\/\/blogg.improveme.se\/emeliemattsson\/2012\/03\/07\/personlig-tranare-infor-sommaren\/\" aria-label=\"L\u00e4s mer om Personlig Tr\u00e4nare inf\u00f6r sommaren.\">L\u00e4s mer<\/a><\/p>\n","protected":false},"author":1715,"featured_media":0,"comment_status":"open","ping_status":"open","sticky":false,"template":"","format":"standard","meta":{"footnotes":""},"categories":[1],"tags":[],"class_list":["post-2799","post","type-post","status-publish","format-standard","hentry","category-gamlainlagg"],"_links":{"self":[{"href":"https:\/\/blogg.improveme.se\/emeliemattsson\/wp-json\/wp\/v2\/posts\/2799","targetHints":{"allow":["GET"]}}],"collection":[{"href":"https:\/\/blogg.improveme.se\/emeliemattsson\/wp-json\/wp\/v2\/posts"}],"about":[{"href":"https:\/\/blogg.improveme.se\/emeliemattsson\/wp-json\/wp\/v2\/types\/post"}],"author":[{"embeddable":true,"href":"https:\/\/blogg.improveme.se\/emeliemattsson\/wp-json\/wp\/v2\/users\/1715"}],"replies":[{"embeddable":true,"href":"https:\/\/blogg.improveme.se\/emeliemattsson\/wp-json\/wp\/v2\/comments?post=2799"}],"version-history":[{"count":0,"href":"https:\/\/blogg.improveme.se\/emeliemattsson\/wp-json\/wp\/v2\/posts\/2799\/revisions"}],"wp:attachment":[{"href":"https:\/\/blogg.improveme.se\/emeliemattsson\/wp-json\/wp\/v2\/media?parent=2799"}],"wp:term":[{"taxonomy":"category","embeddable":true,"href":"https:\/\/blogg.improveme.se\/emeliemattsson\/wp-json\/wp\/v2\/categories?post=2799"},{"taxonomy":"post_tag","embeddable":true,"href":"https:\/\/blogg.improveme.se\/emeliemattsson\/wp-json\/wp\/v2\/tags?post=2799"}],"curies":[{"name":"wp","href":"https:\/\/api.w.org\/{rel}","templated":true}]}}