{"id":2830,"date":"2012-03-10T08:09:50","date_gmt":"2012-03-10T07:09:50","guid":{"rendered":"http:\/\/blogg.improveme.se\/emeliemattsson\/?p=2830"},"modified":"2012-03-10T08:09:50","modified_gmt":"2012-03-10T07:09:50","slug":"svenska-kinesiologiskolan","status":"publish","type":"post","link":"https:\/\/blogg.improveme.se\/emeliemattsson\/2012\/03\/10\/svenska-kinesiologiskolan\/","title":{"rendered":"Svenska kinesiologiskolan"},"content":{"rendered":"<p>Titta vad vi h\u00e5ller p\u00e5 med nu. Vi \u00e4r p\u00e5 en utbildning som v\u00e5r v\u00e4n Mac h\u00e5ller i en grundkurs i \u00a0Fysiologisk Kinesiolog. DETTA \u00e4r s\u00e5 sp\u00e4nnande s\u00e5 ni f\u00f6rst\u00e5r inte. Jag vill inte att kursen ska ta slut. N\u00e4r man g\u00e5r en s\u00e5n h\u00e4r kurs s\u00e5 vill man bara ut och r\u00e4dda hela v\u00e4rlden:)<a href=\"http:\/\/blogg.improveme.se\/emeliemattsson\/files\/2012\/03\/photo-7.jpg\"><img loading=\"lazy\" decoding=\"async\" class=\"alignnone size-full wp-image-2833\" src=\"http:\/\/blogg.improveme.se\/emeliemattsson\/files\/2012\/03\/photo-7.jpg\" alt=\"\" width=\"480\" height=\"640\" srcset=\"https:\/\/blogg.improveme.se\/emeliemattsson\/files\/2012\/03\/photo-7.jpg 480w, https:\/\/blogg.improveme.se\/emeliemattsson\/files\/2012\/03\/photo-7-225x300.jpg 225w\" sizes=\"auto, (max-width: 480px) 100vw, 480px\" \/><\/a><a href=\"http:\/\/blogg.improveme.se\/emeliemattsson\/files\/2012\/03\/photo-62.jpg\"><img loading=\"lazy\" decoding=\"async\" class=\"alignnone size-full wp-image-2834\" src=\"http:\/\/blogg.improveme.se\/emeliemattsson\/files\/2012\/03\/photo-62.jpg\" alt=\"\" width=\"640\" height=\"480\" srcset=\"https:\/\/blogg.improveme.se\/emeliemattsson\/files\/2012\/03\/photo-62.jpg 640w, https:\/\/blogg.improveme.se\/emeliemattsson\/files\/2012\/03\/photo-62-300x225.jpg 300w\" sizes=\"auto, (max-width: 640px) 100vw, 640px\" \/><\/a><\/p>\n","protected":false},"excerpt":{"rendered":"<p>Titta vad vi h\u00e5ller p\u00e5 med nu. Vi \u00e4r p\u00e5 en utbildning som v\u00e5r v\u00e4n Mac h\u00e5ller i en grundkurs i \u00a0Fysiologisk Kinesiolog. DETTA \u00e4r s\u00e5 sp\u00e4nnande s\u00e5 ni f\u00f6rst\u00e5r inte. Jag vill inte att kursen ska ta slut. N\u00e4r man g\u00e5r en s\u00e5n h\u00e4r kurs s\u00e5 vill man bara ut och r\u00e4dda hela v\u00e4rlden:)<\/p>\n","protected":false},"author":1715,"featured_media":0,"comment_status":"open","ping_status":"open","sticky":false,"template":"","format":"standard","meta":{"footnotes":""},"categories":[1],"tags":[],"class_list":["post-2830","post","type-post","status-publish","format-standard","hentry","category-gamlainlagg"],"_links":{"self":[{"href":"https:\/\/blogg.improveme.se\/emeliemattsson\/wp-json\/wp\/v2\/posts\/2830","targetHints":{"allow":["GET"]}}],"collection":[{"href":"https:\/\/blogg.improveme.se\/emeliemattsson\/wp-json\/wp\/v2\/posts"}],"about":[{"href":"https:\/\/blogg.improveme.se\/emeliemattsson\/wp-json\/wp\/v2\/types\/post"}],"author":[{"embeddable":true,"href":"https:\/\/blogg.improveme.se\/emeliemattsson\/wp-json\/wp\/v2\/users\/1715"}],"replies":[{"embeddable":true,"href":"https:\/\/blogg.improveme.se\/emeliemattsson\/wp-json\/wp\/v2\/comments?post=2830"}],"version-history":[{"count":0,"href":"https:\/\/blogg.improveme.se\/emeliemattsson\/wp-json\/wp\/v2\/posts\/2830\/revisions"}],"wp:attachment":[{"href":"https:\/\/blogg.improveme.se\/emeliemattsson\/wp-json\/wp\/v2\/media?parent=2830"}],"wp:term":[{"taxonomy":"category","embeddable":true,"href":"https:\/\/blogg.improveme.se\/emeliemattsson\/wp-json\/wp\/v2\/categories?post=2830"},{"taxonomy":"post_tag","embeddable":true,"href":"https:\/\/blogg.improveme.se\/emeliemattsson\/wp-json\/wp\/v2\/tags?post=2830"}],"curies":[{"name":"wp","href":"https:\/\/api.w.org\/{rel}","templated":true}]}}