{"id":2883,"date":"2012-03-14T05:46:24","date_gmt":"2012-03-14T04:46:24","guid":{"rendered":"http:\/\/blogg.improveme.se\/emeliemattsson\/?p=2883"},"modified":"2012-03-14T05:46:24","modified_gmt":"2012-03-14T04:46:24","slug":"mitten-pa-veckan","status":"publish","type":"post","link":"https:\/\/blogg.improveme.se\/emeliemattsson\/2012\/03\/14\/mitten-pa-veckan\/","title":{"rendered":"Mitten p\u00e5 veckan:)"},"content":{"rendered":"<p>Redan onsdag. Ibland blir man ju r\u00e4dd f\u00f6r att veckorna bara rinner iv\u00e4g. K\u00e4nns som om det var fredag ig\u00e5r och snart \u00e4r det fredag igen:)<\/p>\n<p>Pt grupperna ig\u00e5r var riktigt duktiga! \ud83d\ude42 S\u00e5 h\u00e4rligt att se hur allautvecklas och k\u00e4nner att de f\u00e5r resultat. Ieftermiddag blir det min egen tr\u00e4ning. Rygg \ud83d\ude42<\/p>\n<p>Sitter och \u00e4ter frukost och dricker min korallsand. Snart promenad till jobbet.<img loading=\"lazy\" decoding=\"async\" class=\"alignnone size-full wp-image-2884\" src=\"http:\/\/blogg.improveme.se\/emeliemattsson\/files\/2012\/03\/Bild-2012-03-14-kl.-05.39-2.jpg\" alt=\"\" width=\"640\" height=\"480\" srcset=\"https:\/\/blogg.improveme.se\/emeliemattsson\/files\/2012\/03\/Bild-2012-03-14-kl.-05.39-2.jpg 640w, https:\/\/blogg.improveme.se\/emeliemattsson\/files\/2012\/03\/Bild-2012-03-14-kl.-05.39-2-300x225.jpg 300w\" sizes=\"auto, (max-width: 640px) 100vw, 640px\" \/><\/p>\n<p>Mi som ocks\u00e5 tatuerat er nyligen. Sover ni med plast eller sm\u00f6rjer ni bara?<\/p>\n","protected":false},"excerpt":{"rendered":"<p>Redan onsdag. Ibland blir man ju r\u00e4dd f\u00f6r att veckorna bara rinner iv\u00e4g. K\u00e4nns som om det var fredag ig\u00e5r och snart \u00e4r det fredag igen:) Pt grupperna ig\u00e5r var riktigt duktiga! \ud83d\ude42 S\u00e5 h\u00e4rligt att se hur allautvecklas och k\u00e4nner att de f\u00e5r resultat. Ieftermiddag blir det min egen tr\u00e4ning. Rygg \ud83d\ude42 Sitter och &#8230; <a title=\"Mitten p\u00e5 veckan:)\" class=\"read-more\" href=\"https:\/\/blogg.improveme.se\/emeliemattsson\/2012\/03\/14\/mitten-pa-veckan\/\" aria-label=\"L\u00e4s mer om Mitten p\u00e5 veckan:)\">L\u00e4s mer<\/a><\/p>\n","protected":false},"author":1715,"featured_media":0,"comment_status":"open","ping_status":"open","sticky":false,"template":"","format":"standard","meta":{"footnotes":""},"categories":[1],"tags":[],"class_list":["post-2883","post","type-post","status-publish","format-standard","hentry","category-gamlainlagg"],"_links":{"self":[{"href":"https:\/\/blogg.improveme.se\/emeliemattsson\/wp-json\/wp\/v2\/posts\/2883","targetHints":{"allow":["GET"]}}],"collection":[{"href":"https:\/\/blogg.improveme.se\/emeliemattsson\/wp-json\/wp\/v2\/posts"}],"about":[{"href":"https:\/\/blogg.improveme.se\/emeliemattsson\/wp-json\/wp\/v2\/types\/post"}],"author":[{"embeddable":true,"href":"https:\/\/blogg.improveme.se\/emeliemattsson\/wp-json\/wp\/v2\/users\/1715"}],"replies":[{"embeddable":true,"href":"https:\/\/blogg.improveme.se\/emeliemattsson\/wp-json\/wp\/v2\/comments?post=2883"}],"version-history":[{"count":0,"href":"https:\/\/blogg.improveme.se\/emeliemattsson\/wp-json\/wp\/v2\/posts\/2883\/revisions"}],"wp:attachment":[{"href":"https:\/\/blogg.improveme.se\/emeliemattsson\/wp-json\/wp\/v2\/media?parent=2883"}],"wp:term":[{"taxonomy":"category","embeddable":true,"href":"https:\/\/blogg.improveme.se\/emeliemattsson\/wp-json\/wp\/v2\/categories?post=2883"},{"taxonomy":"post_tag","embeddable":true,"href":"https:\/\/blogg.improveme.se\/emeliemattsson\/wp-json\/wp\/v2\/tags?post=2883"}],"curies":[{"name":"wp","href":"https:\/\/api.w.org\/{rel}","templated":true}]}}