{"id":291,"date":"2009-06-15T12:37:00","date_gmt":"2009-06-15T11:37:00","guid":{"rendered":"http:\/\/blogg.improveme.se\/emeliemattsson\/2009\/06\/15\/snart-fullt-hus-igen\/"},"modified":"2009-06-15T12:37:00","modified_gmt":"2009-06-15T11:37:00","slug":"snart-fullt-hus-igen","status":"publish","type":"post","link":"https:\/\/blogg.improveme.se\/emeliemattsson\/2009\/06\/15\/snart-fullt-hus-igen\/","title":{"rendered":"Snart fullt hus igen."},"content":{"rendered":"<p><P>Gud vad jag \u00e4r sugen p\u00e5 att grilla. S\u00e5dan sommark\u00e4nsla. Grilla lax och k\u00f6tt och ha en god sallad med dipp till. Det gjorde vi alltid hemma f\u00f6rut. Mamma gjorde&nbsp;estrella dipp som man hade p\u00e5 grillat k\u00f6tt. Super gott! Prova det om ni inte gjort det. &nbsp;<\/P><br \/>\n<P>Vi f\u00e5r g\u00e4ster imorn s\u00e5 jag har varit och handlat och f\u00f6rberett s\u00e5 de ska k\u00e4nna sig v\u00e4lkomna. De som kommer \u00e4r en v\u00e4n till oss som heter Philip. Han ska ta med sig sin tjej som jag aldrig har m\u00f6tt. B\u00e5da \u00e4r danskar. S\u00e5 nu f\u00e5r vi se om hon f\u00f6rst\u00e5r vad jag s\u00e4ger:) Sen p\u00e5 torsdag kommer en annan v\u00e4n till oss ocks\u00e5 och ska bo h\u00e4r. S\u00e5 det blir fullt hus till s\u00f6ndag:)<\/P><br \/>\n<P>Jag \u00e4lskar att ha v\u00e4nner omkring mig. \u00c4lskar n\u00e4r folk kommer p\u00e5 bes\u00f6k. <\/P><br \/>\n<P>Ibland \u00e4r det ju dock lite sv\u00e5rt. De flesta danskar brukar undvika att prata med mig f\u00f6r de inte f\u00f6rst\u00e5r vad jag svarar. Eller tror att det \u00e4r d\u00e4rf\u00f6r:) <\/P><br \/>\n<P>&nbsp;<\/P><\/p>\n","protected":false},"excerpt":{"rendered":"<p>Gud vad jag \u00e4r sugen p\u00e5 att grilla. S\u00e5dan sommark\u00e4nsla. Grilla lax och k\u00f6tt och ha en god sallad med dipp till. Det gjorde vi alltid hemma f\u00f6rut. Mamma gjorde&nbsp;estrella dipp som man hade p\u00e5 grillat k\u00f6tt. Super gott! Prova det om ni inte gjort det. &nbsp; Vi f\u00e5r g\u00e4ster imorn s\u00e5 jag har varit &#8230; <a title=\"Snart fullt hus igen.\" class=\"read-more\" href=\"https:\/\/blogg.improveme.se\/emeliemattsson\/2009\/06\/15\/snart-fullt-hus-igen\/\" aria-label=\"L\u00e4s mer om Snart fullt hus igen.\">L\u00e4s mer<\/a><\/p>\n","protected":false},"author":1715,"featured_media":0,"comment_status":"open","ping_status":"open","sticky":false,"template":"","format":"standard","meta":{"footnotes":""},"categories":[1],"tags":[],"class_list":["post-291","post","type-post","status-publish","format-standard","hentry","category-gamlainlagg"],"_links":{"self":[{"href":"https:\/\/blogg.improveme.se\/emeliemattsson\/wp-json\/wp\/v2\/posts\/291","targetHints":{"allow":["GET"]}}],"collection":[{"href":"https:\/\/blogg.improveme.se\/emeliemattsson\/wp-json\/wp\/v2\/posts"}],"about":[{"href":"https:\/\/blogg.improveme.se\/emeliemattsson\/wp-json\/wp\/v2\/types\/post"}],"author":[{"embeddable":true,"href":"https:\/\/blogg.improveme.se\/emeliemattsson\/wp-json\/wp\/v2\/users\/1715"}],"replies":[{"embeddable":true,"href":"https:\/\/blogg.improveme.se\/emeliemattsson\/wp-json\/wp\/v2\/comments?post=291"}],"version-history":[{"count":0,"href":"https:\/\/blogg.improveme.se\/emeliemattsson\/wp-json\/wp\/v2\/posts\/291\/revisions"}],"wp:attachment":[{"href":"https:\/\/blogg.improveme.se\/emeliemattsson\/wp-json\/wp\/v2\/media?parent=291"}],"wp:term":[{"taxonomy":"category","embeddable":true,"href":"https:\/\/blogg.improveme.se\/emeliemattsson\/wp-json\/wp\/v2\/categories?post=291"},{"taxonomy":"post_tag","embeddable":true,"href":"https:\/\/blogg.improveme.se\/emeliemattsson\/wp-json\/wp\/v2\/tags?post=291"}],"curies":[{"name":"wp","href":"https:\/\/api.w.org\/{rel}","templated":true}]}}