{"id":2911,"date":"2012-03-17T17:48:03","date_gmt":"2012-03-17T16:48:03","guid":{"rendered":"http:\/\/blogg.improveme.se\/emeliemattsson\/?p=2911"},"modified":"2012-03-17T17:48:03","modified_gmt":"2012-03-17T16:48:03","slug":"eftermiddagprommis","status":"publish","type":"post","link":"https:\/\/blogg.improveme.se\/emeliemattsson\/2012\/03\/17\/eftermiddagprommis\/","title":{"rendered":"Eftermiddagprommis"},"content":{"rendered":"<p>Efter ett armpass p\u00e5 gymmet s\u00e5 blev det eftermiddagsprommis med Lirreman. Vi har ju tv\u00e5 men de g\u00e5r numera p\u00e5 separata prommisar d\u00e5 Argos, som \u00e4r 12\u00e5r inte tycker det \u00e4r kul att g\u00e5 l\u00e5nga prommisar i snabb takt. Lirre d\u00e4remot beh\u00f6ver verkligen aktiveras, s\u00e5 d\u00e4rav tv\u00e5 prommisar varje g\u00e5ng:)<\/p>\n<p><img loading=\"lazy\" decoding=\"async\" class=\"alignnone size-full wp-image-2912\" style=\"border-style: initial;border-color: initial;border-width: 0px\" src=\"http:\/\/blogg.improveme.se\/emeliemattsson\/files\/2012\/03\/photo-23.jpg\" alt=\"\" width=\"480\" height=\"640\" srcset=\"https:\/\/blogg.improveme.se\/emeliemattsson\/files\/2012\/03\/photo-23.jpg 480w, https:\/\/blogg.improveme.se\/emeliemattsson\/files\/2012\/03\/photo-23-225x300.jpg 225w\" sizes=\"auto, (max-width: 480px) 100vw, 480px\" \/><\/p>\n<p>Snart blir det middag och v\u00e5ra v\u00e4nner Anton och Gustav kommer och spenderar l\u00f6rdagskv\u00e4llen med oss. Perfekt L\u00f6rdagskv\u00e4ll:)<\/p>\n<p>Kram<\/p>\n","protected":false},"excerpt":{"rendered":"<p>Efter ett armpass p\u00e5 gymmet s\u00e5 blev det eftermiddagsprommis med Lirreman. Vi har ju tv\u00e5 men de g\u00e5r numera p\u00e5 separata prommisar d\u00e5 Argos, som \u00e4r 12\u00e5r inte tycker det \u00e4r kul att g\u00e5 l\u00e5nga prommisar i snabb takt. Lirre d\u00e4remot beh\u00f6ver verkligen aktiveras, s\u00e5 d\u00e4rav tv\u00e5 prommisar varje g\u00e5ng:) Snart blir det middag och &#8230; <a title=\"Eftermiddagprommis\" class=\"read-more\" href=\"https:\/\/blogg.improveme.se\/emeliemattsson\/2012\/03\/17\/eftermiddagprommis\/\" aria-label=\"L\u00e4s mer om Eftermiddagprommis\">L\u00e4s mer<\/a><\/p>\n","protected":false},"author":1715,"featured_media":0,"comment_status":"open","ping_status":"open","sticky":false,"template":"","format":"standard","meta":{"footnotes":""},"categories":[1],"tags":[],"class_list":["post-2911","post","type-post","status-publish","format-standard","hentry","category-gamlainlagg"],"_links":{"self":[{"href":"https:\/\/blogg.improveme.se\/emeliemattsson\/wp-json\/wp\/v2\/posts\/2911","targetHints":{"allow":["GET"]}}],"collection":[{"href":"https:\/\/blogg.improveme.se\/emeliemattsson\/wp-json\/wp\/v2\/posts"}],"about":[{"href":"https:\/\/blogg.improveme.se\/emeliemattsson\/wp-json\/wp\/v2\/types\/post"}],"author":[{"embeddable":true,"href":"https:\/\/blogg.improveme.se\/emeliemattsson\/wp-json\/wp\/v2\/users\/1715"}],"replies":[{"embeddable":true,"href":"https:\/\/blogg.improveme.se\/emeliemattsson\/wp-json\/wp\/v2\/comments?post=2911"}],"version-history":[{"count":0,"href":"https:\/\/blogg.improveme.se\/emeliemattsson\/wp-json\/wp\/v2\/posts\/2911\/revisions"}],"wp:attachment":[{"href":"https:\/\/blogg.improveme.se\/emeliemattsson\/wp-json\/wp\/v2\/media?parent=2911"}],"wp:term":[{"taxonomy":"category","embeddable":true,"href":"https:\/\/blogg.improveme.se\/emeliemattsson\/wp-json\/wp\/v2\/categories?post=2911"},{"taxonomy":"post_tag","embeddable":true,"href":"https:\/\/blogg.improveme.se\/emeliemattsson\/wp-json\/wp\/v2\/tags?post=2911"}],"curies":[{"name":"wp","href":"https:\/\/api.w.org\/{rel}","templated":true}]}}