{"id":2917,"date":"2012-03-18T12:57:41","date_gmt":"2012-03-18T11:57:41","guid":{"rendered":"http:\/\/blogg.improveme.se\/emeliemattsson\/?p=2917"},"modified":"2012-03-18T12:57:41","modified_gmt":"2012-03-18T11:57:41","slug":"langprommis-3","status":"publish","type":"post","link":"https:\/\/blogg.improveme.se\/emeliemattsson\/2012\/03\/18\/langprommis-3\/","title":{"rendered":"L\u00e5ngprommis"},"content":{"rendered":"<p>Det blev en h\u00e4rlig 2tim promenad runt \u00e5rstaviken. Jag, S, Lirre och Anton.H\u00e4rlig dag \u00e4ven om solen inte ville titta fram.<\/p>\n<p><a href=\"http:\/\/blogg.improveme.se\/emeliemattsson\/files\/2012\/03\/photo-28.jpg\"><img loading=\"lazy\" decoding=\"async\" class=\"alignnone size-full wp-image-2918\" src=\"http:\/\/blogg.improveme.se\/emeliemattsson\/files\/2012\/03\/photo-28.jpg\" alt=\"\" width=\"480\" height=\"640\" srcset=\"https:\/\/blogg.improveme.se\/emeliemattsson\/files\/2012\/03\/photo-28.jpg 480w, https:\/\/blogg.improveme.se\/emeliemattsson\/files\/2012\/03\/photo-28-225x300.jpg 225w\" sizes=\"auto, (max-width: 480px) 100vw, 480px\" \/><\/a><a href=\"http:\/\/blogg.improveme.se\/emeliemattsson\/files\/2012\/03\/photo-29.jpg\"><img loading=\"lazy\" decoding=\"async\" class=\"alignnone size-full wp-image-2919\" src=\"http:\/\/blogg.improveme.se\/emeliemattsson\/files\/2012\/03\/photo-29.jpg\" alt=\"\" width=\"480\" height=\"640\" srcset=\"https:\/\/blogg.improveme.se\/emeliemattsson\/files\/2012\/03\/photo-29.jpg 480w, https:\/\/blogg.improveme.se\/emeliemattsson\/files\/2012\/03\/photo-29-225x300.jpg 225w\" sizes=\"auto, (max-width: 480px) 100vw, 480px\" \/><\/a><a href=\"http:\/\/blogg.improveme.se\/emeliemattsson\/files\/2012\/03\/photo-27.jpg\"><img loading=\"lazy\" decoding=\"async\" class=\"alignnone size-full wp-image-2920\" src=\"http:\/\/blogg.improveme.se\/emeliemattsson\/files\/2012\/03\/photo-27.jpg\" alt=\"\" width=\"414\" height=\"635\" srcset=\"https:\/\/blogg.improveme.se\/emeliemattsson\/files\/2012\/03\/photo-27.jpg 414w, https:\/\/blogg.improveme.se\/emeliemattsson\/files\/2012\/03\/photo-27-195x300.jpg 195w\" sizes=\"auto, (max-width: 414px) 100vw, 414px\" \/><\/a><\/p>\n","protected":false},"excerpt":{"rendered":"<p>Det blev en h\u00e4rlig 2tim promenad runt \u00e5rstaviken. Jag, S, Lirre och Anton.H\u00e4rlig dag \u00e4ven om solen inte ville titta fram.<\/p>\n","protected":false},"author":1715,"featured_media":0,"comment_status":"open","ping_status":"open","sticky":false,"template":"","format":"standard","meta":{"footnotes":""},"categories":[1],"tags":[],"class_list":["post-2917","post","type-post","status-publish","format-standard","hentry","category-gamlainlagg"],"_links":{"self":[{"href":"https:\/\/blogg.improveme.se\/emeliemattsson\/wp-json\/wp\/v2\/posts\/2917","targetHints":{"allow":["GET"]}}],"collection":[{"href":"https:\/\/blogg.improveme.se\/emeliemattsson\/wp-json\/wp\/v2\/posts"}],"about":[{"href":"https:\/\/blogg.improveme.se\/emeliemattsson\/wp-json\/wp\/v2\/types\/post"}],"author":[{"embeddable":true,"href":"https:\/\/blogg.improveme.se\/emeliemattsson\/wp-json\/wp\/v2\/users\/1715"}],"replies":[{"embeddable":true,"href":"https:\/\/blogg.improveme.se\/emeliemattsson\/wp-json\/wp\/v2\/comments?post=2917"}],"version-history":[{"count":0,"href":"https:\/\/blogg.improveme.se\/emeliemattsson\/wp-json\/wp\/v2\/posts\/2917\/revisions"}],"wp:attachment":[{"href":"https:\/\/blogg.improveme.se\/emeliemattsson\/wp-json\/wp\/v2\/media?parent=2917"}],"wp:term":[{"taxonomy":"category","embeddable":true,"href":"https:\/\/blogg.improveme.se\/emeliemattsson\/wp-json\/wp\/v2\/categories?post=2917"},{"taxonomy":"post_tag","embeddable":true,"href":"https:\/\/blogg.improveme.se\/emeliemattsson\/wp-json\/wp\/v2\/tags?post=2917"}],"curies":[{"name":"wp","href":"https:\/\/api.w.org\/{rel}","templated":true}]}}