{"id":2931,"date":"2012-03-18T20:05:45","date_gmt":"2012-03-18T19:05:45","guid":{"rendered":"http:\/\/blogg.improveme.se\/emeliemattsson\/?p=2931"},"modified":"2012-03-18T20:05:45","modified_gmt":"2012-03-18T19:05:45","slug":"planerar-langsemester","status":"publish","type":"post","link":"https:\/\/blogg.improveme.se\/emeliemattsson\/2012\/03\/18\/planerar-langsemester\/","title":{"rendered":"Planerar l\u00e5ngsemester."},"content":{"rendered":"<p>Sitter och planerar semestern. Det blir 1m\u00e5n borta i sommar. Det beh\u00f6ver vi som jobbar s\u00e5 mkt. Kommer bli underbart! Och hoppas ha n\u00e5tt min livsform d\u00e5! D\u00e5 vill man s\u00e5klart g\u00e5 runt i bikini hela dagen och visa lite off;) Juli \u00e4r b\u00e4sta m\u00e5naden f\u00f6r oss PTs att ta semester s\u00e5 juli f\u00e5r det bli. L\u00e4\u00e4\u00e4ngtar!!<\/p>\n<p><a href=\"http:\/\/blogg.improveme.se\/emeliemattsson\/files\/2012\/03\/IMG_2938.jpg\"><img loading=\"lazy\" decoding=\"async\" class=\"alignnone size-large wp-image-2933\" src=\"http:\/\/blogg.improveme.se\/emeliemattsson\/files\/2012\/03\/IMG_2938-768x1024.jpg\" alt=\"\" width=\"700\" height=\"933\" srcset=\"https:\/\/blogg.improveme.se\/emeliemattsson\/files\/2012\/03\/IMG_2938-768x1024.jpg 768w, https:\/\/blogg.improveme.se\/emeliemattsson\/files\/2012\/03\/IMG_2938-225x300.jpg 225w, https:\/\/blogg.improveme.se\/emeliemattsson\/files\/2012\/03\/IMG_2938.jpg 1536w\" sizes=\"auto, (max-width: 700px) 100vw, 700px\" \/><\/a><\/p>\n","protected":false},"excerpt":{"rendered":"<p>Sitter och planerar semestern. Det blir 1m\u00e5n borta i sommar. Det beh\u00f6ver vi som jobbar s\u00e5 mkt. Kommer bli underbart! Och hoppas ha n\u00e5tt min livsform d\u00e5! D\u00e5 vill man s\u00e5klart g\u00e5 runt i bikini hela dagen och visa lite off;) Juli \u00e4r b\u00e4sta m\u00e5naden f\u00f6r oss PTs att ta semester s\u00e5 juli f\u00e5r det &#8230; <a title=\"Planerar l\u00e5ngsemester.\" class=\"read-more\" href=\"https:\/\/blogg.improveme.se\/emeliemattsson\/2012\/03\/18\/planerar-langsemester\/\" aria-label=\"L\u00e4s mer om Planerar l\u00e5ngsemester.\">L\u00e4s mer<\/a><\/p>\n","protected":false},"author":1715,"featured_media":0,"comment_status":"open","ping_status":"open","sticky":false,"template":"","format":"standard","meta":{"footnotes":""},"categories":[1],"tags":[],"class_list":["post-2931","post","type-post","status-publish","format-standard","hentry","category-gamlainlagg"],"_links":{"self":[{"href":"https:\/\/blogg.improveme.se\/emeliemattsson\/wp-json\/wp\/v2\/posts\/2931","targetHints":{"allow":["GET"]}}],"collection":[{"href":"https:\/\/blogg.improveme.se\/emeliemattsson\/wp-json\/wp\/v2\/posts"}],"about":[{"href":"https:\/\/blogg.improveme.se\/emeliemattsson\/wp-json\/wp\/v2\/types\/post"}],"author":[{"embeddable":true,"href":"https:\/\/blogg.improveme.se\/emeliemattsson\/wp-json\/wp\/v2\/users\/1715"}],"replies":[{"embeddable":true,"href":"https:\/\/blogg.improveme.se\/emeliemattsson\/wp-json\/wp\/v2\/comments?post=2931"}],"version-history":[{"count":0,"href":"https:\/\/blogg.improveme.se\/emeliemattsson\/wp-json\/wp\/v2\/posts\/2931\/revisions"}],"wp:attachment":[{"href":"https:\/\/blogg.improveme.se\/emeliemattsson\/wp-json\/wp\/v2\/media?parent=2931"}],"wp:term":[{"taxonomy":"category","embeddable":true,"href":"https:\/\/blogg.improveme.se\/emeliemattsson\/wp-json\/wp\/v2\/categories?post=2931"},{"taxonomy":"post_tag","embeddable":true,"href":"https:\/\/blogg.improveme.se\/emeliemattsson\/wp-json\/wp\/v2\/tags?post=2931"}],"curies":[{"name":"wp","href":"https:\/\/api.w.org\/{rel}","templated":true}]}}