{"id":294,"date":"2009-06-16T12:09:00","date_gmt":"2009-06-16T11:09:00","guid":{"rendered":"http:\/\/blogg.improveme.se\/emeliemattsson\/2009\/06\/16\/kor-langst-havet\/"},"modified":"2009-06-16T12:09:00","modified_gmt":"2009-06-16T11:09:00","slug":"kor-langst-havet","status":"publish","type":"post","link":"https:\/\/blogg.improveme.se\/emeliemattsson\/2009\/06\/16\/kor-langst-havet\/","title":{"rendered":"K\u00f6r l\u00e4ngst havet"},"content":{"rendered":"<p><P>Franska Rivieran \u00e4r s\u00e5 fantastiskt vackert. Speciellt n\u00e4r man k\u00f6r l\u00e4ngst kusten, f\u00f6r d\u00e5 k\u00f6r man uppe i bergen l\u00e4ngst havet och ser alla hamnbyar och yachter och havet. Riktigt vackert!<\/P><br \/>\n<P>Idag n\u00e4r jag k\u00f6rde till cap ferrat f\u00f6r m\u00f6tet s\u00e5 k\u00f6rde jag l\u00e4ngst bas corniche som g\u00e5r precis l\u00e4ngst havet. Sen finns det ocks\u00e5 moyenne corniche och haut corniche osv (betyder l\u00e5g,mellan, h\u00f6g).<\/P><IMG src=\"http:\/\/s.improveme.se\/data\/filearchive\/30403.510x0.jpg\"> <\/p>\n","protected":false},"excerpt":{"rendered":"<p>Franska Rivieran \u00e4r s\u00e5 fantastiskt vackert. Speciellt n\u00e4r man k\u00f6r l\u00e4ngst kusten, f\u00f6r d\u00e5 k\u00f6r man uppe i bergen l\u00e4ngst havet och ser alla hamnbyar och yachter och havet. Riktigt vackert! Idag n\u00e4r jag k\u00f6rde till cap ferrat f\u00f6r m\u00f6tet s\u00e5 k\u00f6rde jag l\u00e4ngst bas corniche som g\u00e5r precis l\u00e4ngst havet. Sen finns det ocks\u00e5 &#8230; <a title=\"K\u00f6r l\u00e4ngst havet\" class=\"read-more\" href=\"https:\/\/blogg.improveme.se\/emeliemattsson\/2009\/06\/16\/kor-langst-havet\/\" aria-label=\"L\u00e4s mer om K\u00f6r l\u00e4ngst havet\">L\u00e4s mer<\/a><\/p>\n","protected":false},"author":1715,"featured_media":0,"comment_status":"open","ping_status":"open","sticky":false,"template":"","format":"standard","meta":{"footnotes":""},"categories":[1],"tags":[],"class_list":["post-294","post","type-post","status-publish","format-standard","hentry","category-gamlainlagg"],"_links":{"self":[{"href":"https:\/\/blogg.improveme.se\/emeliemattsson\/wp-json\/wp\/v2\/posts\/294","targetHints":{"allow":["GET"]}}],"collection":[{"href":"https:\/\/blogg.improveme.se\/emeliemattsson\/wp-json\/wp\/v2\/posts"}],"about":[{"href":"https:\/\/blogg.improveme.se\/emeliemattsson\/wp-json\/wp\/v2\/types\/post"}],"author":[{"embeddable":true,"href":"https:\/\/blogg.improveme.se\/emeliemattsson\/wp-json\/wp\/v2\/users\/1715"}],"replies":[{"embeddable":true,"href":"https:\/\/blogg.improveme.se\/emeliemattsson\/wp-json\/wp\/v2\/comments?post=294"}],"version-history":[{"count":0,"href":"https:\/\/blogg.improveme.se\/emeliemattsson\/wp-json\/wp\/v2\/posts\/294\/revisions"}],"wp:attachment":[{"href":"https:\/\/blogg.improveme.se\/emeliemattsson\/wp-json\/wp\/v2\/media?parent=294"}],"wp:term":[{"taxonomy":"category","embeddable":true,"href":"https:\/\/blogg.improveme.se\/emeliemattsson\/wp-json\/wp\/v2\/categories?post=294"},{"taxonomy":"post_tag","embeddable":true,"href":"https:\/\/blogg.improveme.se\/emeliemattsson\/wp-json\/wp\/v2\/tags?post=294"}],"curies":[{"name":"wp","href":"https:\/\/api.w.org\/{rel}","templated":true}]}}