{"id":2964,"date":"2012-03-22T12:03:14","date_gmt":"2012-03-22T11:03:14","guid":{"rendered":"http:\/\/blogg.improveme.se\/emeliemattsson\/?p=2964"},"modified":"2012-03-22T10:08:51","modified_gmt":"2012-03-22T09:08:51","slug":"fota-er-sjalva","status":"publish","type":"post","link":"https:\/\/blogg.improveme.se\/emeliemattsson\/2012\/03\/22\/fota-er-sjalva\/","title":{"rendered":"Fota er sj\u00e4lva."},"content":{"rendered":"<p>Man \u00e4r s\u00e5 blind n\u00e4r det kommer till sin egen form. Lite som en skada. Nu b\u00f6rjar jag se lite b\u00e4ttre ut, ligger kanske 5-6kg plus fr\u00e5n f\u00f6rra \u00e5ret den h\u00e4r tiden, men s\u00e5 f\u00e5r man t\u00e4nka att jag f\u00f6rhoppningsvis byggt lite muskler ocks\u00e5;) Mer n\u00f6jd nu \ud83d\ude42 Jag gillar inte att l\u00e4gga upp s\u00e5nna h\u00e4r bilde, k\u00e4nns lite t\u00f6ntigt n\u00e4r man inte \u00e4r helt n\u00f6jd osv men t\u00e4nkte bara visa att muskler v\u00e4ger mer en fett. Ska se om jag kan hitta en bild fr\u00e5n f\u00f6rra v\u00e5ren f\u00f6r att visa:) Har fortfarande en l\u00e5ng v\u00e4g kvar, men det \u00e4r inte sommar \u00e4nnu:) hihi Gl\u00f6m inte fota er sj\u00e4lva s\u00e5 ni kan j\u00e4mf\u00f6ra och se s\u00e5 att allt g\u00e5r \u00e5t r\u00e4tt h\u00e5ll:)<\/p>\n<p><a href=\"http:\/\/blogg.improveme.se\/emeliemattsson\/files\/2012\/03\/photo-34.jpg\"><img loading=\"lazy\" decoding=\"async\" class=\"alignnone size-full wp-image-2965\" title=\"photo-34\" src=\"http:\/\/blogg.improveme.se\/emeliemattsson\/files\/2012\/03\/photo-34.jpg\" alt=\"\" width=\"480\" height=\"640\" srcset=\"https:\/\/blogg.improveme.se\/emeliemattsson\/files\/2012\/03\/photo-34.jpg 480w, https:\/\/blogg.improveme.se\/emeliemattsson\/files\/2012\/03\/photo-34-225x300.jpg 225w\" sizes=\"auto, (max-width: 480px) 100vw, 480px\" \/><\/a><\/p>\n","protected":false},"excerpt":{"rendered":"<p>Man \u00e4r s\u00e5 blind n\u00e4r det kommer till sin egen form. Lite som en skada. Nu b\u00f6rjar jag se lite b\u00e4ttre ut, ligger kanske 5-6kg plus fr\u00e5n f\u00f6rra \u00e5ret den h\u00e4r tiden, men s\u00e5 f\u00e5r man t\u00e4nka att jag f\u00f6rhoppningsvis byggt lite muskler ocks\u00e5;) Mer n\u00f6jd nu \ud83d\ude42 Jag gillar inte att l\u00e4gga upp s\u00e5nna &#8230; <a title=\"Fota er sj\u00e4lva.\" class=\"read-more\" href=\"https:\/\/blogg.improveme.se\/emeliemattsson\/2012\/03\/22\/fota-er-sjalva\/\" aria-label=\"L\u00e4s mer om Fota er sj\u00e4lva.\">L\u00e4s mer<\/a><\/p>\n","protected":false},"author":1715,"featured_media":0,"comment_status":"open","ping_status":"open","sticky":false,"template":"","format":"standard","meta":{"footnotes":""},"categories":[1],"tags":[],"class_list":["post-2964","post","type-post","status-publish","format-standard","hentry","category-gamlainlagg"],"_links":{"self":[{"href":"https:\/\/blogg.improveme.se\/emeliemattsson\/wp-json\/wp\/v2\/posts\/2964","targetHints":{"allow":["GET"]}}],"collection":[{"href":"https:\/\/blogg.improveme.se\/emeliemattsson\/wp-json\/wp\/v2\/posts"}],"about":[{"href":"https:\/\/blogg.improveme.se\/emeliemattsson\/wp-json\/wp\/v2\/types\/post"}],"author":[{"embeddable":true,"href":"https:\/\/blogg.improveme.se\/emeliemattsson\/wp-json\/wp\/v2\/users\/1715"}],"replies":[{"embeddable":true,"href":"https:\/\/blogg.improveme.se\/emeliemattsson\/wp-json\/wp\/v2\/comments?post=2964"}],"version-history":[{"count":0,"href":"https:\/\/blogg.improveme.se\/emeliemattsson\/wp-json\/wp\/v2\/posts\/2964\/revisions"}],"wp:attachment":[{"href":"https:\/\/blogg.improveme.se\/emeliemattsson\/wp-json\/wp\/v2\/media?parent=2964"}],"wp:term":[{"taxonomy":"category","embeddable":true,"href":"https:\/\/blogg.improveme.se\/emeliemattsson\/wp-json\/wp\/v2\/categories?post=2964"},{"taxonomy":"post_tag","embeddable":true,"href":"https:\/\/blogg.improveme.se\/emeliemattsson\/wp-json\/wp\/v2\/tags?post=2964"}],"curies":[{"name":"wp","href":"https:\/\/api.w.org\/{rel}","templated":true}]}}