{"id":3045,"date":"2012-03-28T15:52:22","date_gmt":"2012-03-28T14:52:22","guid":{"rendered":"http:\/\/blogg.improveme.se\/emeliemattsson\/?p=3045"},"modified":"2012-03-28T15:52:22","modified_gmt":"2012-03-28T14:52:22","slug":"promenad-i-regnet","status":"publish","type":"post","link":"https:\/\/blogg.improveme.se\/emeliemattsson\/2012\/03\/28\/promenad-i-regnet\/","title":{"rendered":"Promenad i regnet."},"content":{"rendered":"<p>Fick precis ett mess ifr\u00e5n min sv\u00e4rmor som skrev &#8221;Det finns inget d\u00e5ligt v\u00e4der. Bara d\u00e5liga kl\u00e4der&#8221; Jag h\u00e5ller fullkomligt med. P\u00e5 med varma,t\u00e5liga kl\u00e4der och ut p\u00e5 promenad! Prommis och middag st\u00e5r p\u00e5 schemat. \ud83d\ude42<a href=\"http:\/\/blogg.improveme.se\/emeliemattsson\/files\/2012\/03\/Bild-2012-03-28-kl.-16.47.jpg\"><img loading=\"lazy\" decoding=\"async\" class=\"alignnone size-full wp-image-3046\" title=\"Bild 2012-03-28 kl. 16.47\" src=\"http:\/\/blogg.improveme.se\/emeliemattsson\/files\/2012\/03\/Bild-2012-03-28-kl.-16.47.jpg\" alt=\"\" width=\"640\" height=\"480\" srcset=\"https:\/\/blogg.improveme.se\/emeliemattsson\/files\/2012\/03\/Bild-2012-03-28-kl.-16.47.jpg 640w, https:\/\/blogg.improveme.se\/emeliemattsson\/files\/2012\/03\/Bild-2012-03-28-kl.-16.47-300x225.jpg 300w\" sizes=\"auto, (max-width: 640px) 100vw, 640px\" \/><\/a><\/p>\n<p><a href=\"http:\/\/blogg.improveme.se\/emeliemattsson\/files\/2012\/03\/Bild-2012-03-28-kl.-16.47-4.jpg\"><img loading=\"lazy\" decoding=\"async\" class=\"alignnone size-full wp-image-3047\" title=\"Bild 2012-03-28 kl. 16.47 #4\" src=\"http:\/\/blogg.improveme.se\/emeliemattsson\/files\/2012\/03\/Bild-2012-03-28-kl.-16.47-4.jpg\" alt=\"\" width=\"640\" height=\"480\" srcset=\"https:\/\/blogg.improveme.se\/emeliemattsson\/files\/2012\/03\/Bild-2012-03-28-kl.-16.47-4.jpg 640w, https:\/\/blogg.improveme.se\/emeliemattsson\/files\/2012\/03\/Bild-2012-03-28-kl.-16.47-4-300x225.jpg 300w\" sizes=\"auto, (max-width: 640px) 100vw, 640px\" \/><\/a><\/p>\n","protected":false},"excerpt":{"rendered":"<p>Fick precis ett mess ifr\u00e5n min sv\u00e4rmor som skrev &#8221;Det finns inget d\u00e5ligt v\u00e4der. Bara d\u00e5liga kl\u00e4der&#8221; Jag h\u00e5ller fullkomligt med. P\u00e5 med varma,t\u00e5liga kl\u00e4der och ut p\u00e5 promenad! Prommis och middag st\u00e5r p\u00e5 schemat. \ud83d\ude42<\/p>\n","protected":false},"author":1715,"featured_media":0,"comment_status":"open","ping_status":"open","sticky":false,"template":"","format":"standard","meta":{"footnotes":""},"categories":[1],"tags":[],"class_list":["post-3045","post","type-post","status-publish","format-standard","hentry","category-gamlainlagg"],"_links":{"self":[{"href":"https:\/\/blogg.improveme.se\/emeliemattsson\/wp-json\/wp\/v2\/posts\/3045","targetHints":{"allow":["GET"]}}],"collection":[{"href":"https:\/\/blogg.improveme.se\/emeliemattsson\/wp-json\/wp\/v2\/posts"}],"about":[{"href":"https:\/\/blogg.improveme.se\/emeliemattsson\/wp-json\/wp\/v2\/types\/post"}],"author":[{"embeddable":true,"href":"https:\/\/blogg.improveme.se\/emeliemattsson\/wp-json\/wp\/v2\/users\/1715"}],"replies":[{"embeddable":true,"href":"https:\/\/blogg.improveme.se\/emeliemattsson\/wp-json\/wp\/v2\/comments?post=3045"}],"version-history":[{"count":0,"href":"https:\/\/blogg.improveme.se\/emeliemattsson\/wp-json\/wp\/v2\/posts\/3045\/revisions"}],"wp:attachment":[{"href":"https:\/\/blogg.improveme.se\/emeliemattsson\/wp-json\/wp\/v2\/media?parent=3045"}],"wp:term":[{"taxonomy":"category","embeddable":true,"href":"https:\/\/blogg.improveme.se\/emeliemattsson\/wp-json\/wp\/v2\/categories?post=3045"},{"taxonomy":"post_tag","embeddable":true,"href":"https:\/\/blogg.improveme.se\/emeliemattsson\/wp-json\/wp\/v2\/tags?post=3045"}],"curies":[{"name":"wp","href":"https:\/\/api.w.org\/{rel}","templated":true}]}}