{"id":3054,"date":"2012-03-29T20:26:19","date_gmt":"2012-03-29T18:26:19","guid":{"rendered":"http:\/\/blogg.improveme.se\/emeliemattsson\/?p=3054"},"modified":"2012-03-29T20:26:19","modified_gmt":"2012-03-29T18:26:19","slug":"mysig-promenad","status":"publish","type":"post","link":"https:\/\/blogg.improveme.se\/emeliemattsson\/2012\/03\/29\/mysig-promenad\/","title":{"rendered":"Mysig promenad."},"content":{"rendered":"<p>Hade en liten lucka p\u00e5 dagen och m\u00f6tte d\u00e5 upp en av mina n\u00e4rmaste v\u00e4nner Carro. Hon \u00e4r nog den snyggaste mamman p\u00e5 denna jord. S\u00e5 vacker! Vi har k\u00e4nt varandra i 10\u00e5r och det \u00e4r en s\u00e5n v\u00e4n man inte beh\u00f6ver prata med varje dag, men som man alltid vet finns d\u00e4r. Hoppas jag blir lika het som mamma! Hon \u00e4r som alla \u00f6nskar. Kan ni f\u00f6rst\u00e5 att hon f\u00f6dde f\u00f6r 4m\u00e5nader och inte ens har lite hull p\u00e5 magen kvar? \u00a0Jag gav henne 10PT timmar i tidig f\u00f6delsedagspresent s\u00e5 nu ska hon s\u00e4tta ig\u00e5ng med tr\u00e4ningen \ud83d\ude09<\/p>\n<p><a href=\"http:\/\/blogg.improveme.se\/emeliemattsson\/files\/2012\/03\/photo-45.jpg\"><img loading=\"lazy\" decoding=\"async\" class=\"alignnone size-full wp-image-3055\" title=\"photo-45\" src=\"http:\/\/blogg.improveme.se\/emeliemattsson\/files\/2012\/03\/photo-45.jpg\" alt=\"\" width=\"480\" height=\"640\" srcset=\"https:\/\/blogg.improveme.se\/emeliemattsson\/files\/2012\/03\/photo-45.jpg 480w, https:\/\/blogg.improveme.se\/emeliemattsson\/files\/2012\/03\/photo-45-225x300.jpg 225w\" sizes=\"auto, (max-width: 480px) 100vw, 480px\" \/><\/a><\/p>\n<p>Och Jasmine \u00e4r den finaste och gladaste ungen jag sett. S\u00e5 himla s\u00f6t! Stoora bambi \u00f6gon och stort leende:)<\/p>\n<p><a href=\"http:\/\/blogg.improveme.se\/emeliemattsson\/files\/2012\/03\/photo-46.jpg\"><img loading=\"lazy\" decoding=\"async\" class=\"alignnone size-full wp-image-3056\" title=\"photo-46\" src=\"http:\/\/blogg.improveme.se\/emeliemattsson\/files\/2012\/03\/photo-46.jpg\" alt=\"\" width=\"480\" height=\"640\" srcset=\"https:\/\/blogg.improveme.se\/emeliemattsson\/files\/2012\/03\/photo-46.jpg 480w, https:\/\/blogg.improveme.se\/emeliemattsson\/files\/2012\/03\/photo-46-225x300.jpg 225w\" sizes=\"auto, (max-width: 480px) 100vw, 480px\" \/><\/a><\/p>\n","protected":false},"excerpt":{"rendered":"<p>Hade en liten lucka p\u00e5 dagen och m\u00f6tte d\u00e5 upp en av mina n\u00e4rmaste v\u00e4nner Carro. Hon \u00e4r nog den snyggaste mamman p\u00e5 denna jord. S\u00e5 vacker! Vi har k\u00e4nt varandra i 10\u00e5r och det \u00e4r en s\u00e5n v\u00e4n man inte beh\u00f6ver prata med varje dag, men som man alltid vet finns d\u00e4r. Hoppas jag &#8230; <a title=\"Mysig promenad.\" class=\"read-more\" href=\"https:\/\/blogg.improveme.se\/emeliemattsson\/2012\/03\/29\/mysig-promenad\/\" aria-label=\"L\u00e4s mer om Mysig promenad.\">L\u00e4s mer<\/a><\/p>\n","protected":false},"author":1715,"featured_media":0,"comment_status":"open","ping_status":"open","sticky":false,"template":"","format":"standard","meta":{"footnotes":""},"categories":[1],"tags":[],"class_list":["post-3054","post","type-post","status-publish","format-standard","hentry","category-gamlainlagg"],"_links":{"self":[{"href":"https:\/\/blogg.improveme.se\/emeliemattsson\/wp-json\/wp\/v2\/posts\/3054","targetHints":{"allow":["GET"]}}],"collection":[{"href":"https:\/\/blogg.improveme.se\/emeliemattsson\/wp-json\/wp\/v2\/posts"}],"about":[{"href":"https:\/\/blogg.improveme.se\/emeliemattsson\/wp-json\/wp\/v2\/types\/post"}],"author":[{"embeddable":true,"href":"https:\/\/blogg.improveme.se\/emeliemattsson\/wp-json\/wp\/v2\/users\/1715"}],"replies":[{"embeddable":true,"href":"https:\/\/blogg.improveme.se\/emeliemattsson\/wp-json\/wp\/v2\/comments?post=3054"}],"version-history":[{"count":0,"href":"https:\/\/blogg.improveme.se\/emeliemattsson\/wp-json\/wp\/v2\/posts\/3054\/revisions"}],"wp:attachment":[{"href":"https:\/\/blogg.improveme.se\/emeliemattsson\/wp-json\/wp\/v2\/media?parent=3054"}],"wp:term":[{"taxonomy":"category","embeddable":true,"href":"https:\/\/blogg.improveme.se\/emeliemattsson\/wp-json\/wp\/v2\/categories?post=3054"},{"taxonomy":"post_tag","embeddable":true,"href":"https:\/\/blogg.improveme.se\/emeliemattsson\/wp-json\/wp\/v2\/tags?post=3054"}],"curies":[{"name":"wp","href":"https:\/\/api.w.org\/{rel}","templated":true}]}}