{"id":3151,"date":"2012-04-05T08:04:26","date_gmt":"2012-04-05T06:04:26","guid":{"rendered":"http:\/\/blogg.improveme.se\/emeliemattsson\/?p=3151"},"modified":"2012-04-05T08:04:26","modified_gmt":"2012-04-05T06:04:26","slug":"fransforlangning","status":"publish","type":"post","link":"https:\/\/blogg.improveme.se\/emeliemattsson\/2012\/04\/05\/fransforlangning\/","title":{"rendered":"Fransf\u00f6rl\u00e4ngning."},"content":{"rendered":"<p>God morgon. Idag ska jag f\u00f6rbi <strong>Jenny p\u00e5 Finare fransar<\/strong> och f\u00e5 fransarna fina. Jag har gjort fransf\u00f6rl\u00e4ngning i snart ett \u00e5r och m\u00e5ste s\u00e4ga att det \u00e4r nog en av de smartaste &#8221;hj\u00e4lpmedlerna&#8221; f\u00f6r oss tjejer n\u00e4r det kommer till att spara tid p\u00e5 morgonen. Jag sminkar mig aldrig dagtid men k\u00e4nner mig s\u00e5 mkt fr\u00e4share och ser piggare ut varje morgon n\u00e4r jag vaknar. Det underl\u00e4ttar verkligen. Kan ni f\u00f6rst\u00e5 att jag inte har anv\u00e4nt mascara p\u00e5 ett \u00e5rs tid! \ud83d\ude42 <strong>Jenny l\u00e4gger in olika tjocklekar och l\u00e4ngder f\u00f6r ett s\u00e5nt naturligt resultat som m\u00f6jligt. Jag brukar g\u00e5 till henne ca var 3e vecka.<\/strong> Efter som jag tr\u00e4nar s\u00e5 mycket s\u00e5 h\u00e5ller kanske inte mina fransar lika l\u00e4nge som vissa andra, men end\u00e5 tycker jag att de h\u00e5ller l\u00e4nge:)<\/p>\n<p><img loading=\"lazy\" decoding=\"async\" class=\"alignnone size-full wp-image-3152\" title=\"Bild 2011-12-06 kl. 11.51 #2\" src=\"http:\/\/blogg.improveme.se\/emeliemattsson\/files\/2012\/04\/Bild-2011-12-06-kl.-11.51-2.jpg\" alt=\"\" width=\"566\" height=\"250\" srcset=\"https:\/\/blogg.improveme.se\/emeliemattsson\/files\/2012\/04\/Bild-2011-12-06-kl.-11.51-2.jpg 566w, https:\/\/blogg.improveme.se\/emeliemattsson\/files\/2012\/04\/Bild-2011-12-06-kl.-11.51-2-300x132.jpg 300w\" sizes=\"auto, (max-width: 566px) 100vw, 566px\" \/><\/p>\n<p>N\u00e4r jag &#8221;vilade&#8221; ifr\u00e5n fransar i 3v s\u00e5 hade de inte slitit n\u00e5gonting p\u00e5 mina egna. Jag vet att n\u00e5gra s\u00e4ger det, men det beror nog p\u00e5 vem du g\u00e5r till.<\/p>\n<p>Ni kan maila jenny p\u00e5 jenny@finarefrasnar.se om ni har fr\u00e5gor eller vill boka in er. Ni f\u00e5r d\u00e5 \u00e4ven en h\u00e4rlig rabatt! Jag ska dubbelkolla men jag priset f\u00f6r er \u00e4r runt 600kr \ud83d\ude42 Hur bra som helst! S\u00e5 passa p\u00e5 inf\u00f6r sommaren.<\/p>\n","protected":false},"excerpt":{"rendered":"<p>God morgon. Idag ska jag f\u00f6rbi Jenny p\u00e5 Finare fransar och f\u00e5 fransarna fina. Jag har gjort fransf\u00f6rl\u00e4ngning i snart ett \u00e5r och m\u00e5ste s\u00e4ga att det \u00e4r nog en av de smartaste &#8221;hj\u00e4lpmedlerna&#8221; f\u00f6r oss tjejer n\u00e4r det kommer till att spara tid p\u00e5 morgonen. Jag sminkar mig aldrig dagtid men k\u00e4nner mig s\u00e5 &#8230; <a title=\"Fransf\u00f6rl\u00e4ngning.\" class=\"read-more\" href=\"https:\/\/blogg.improveme.se\/emeliemattsson\/2012\/04\/05\/fransforlangning\/\" aria-label=\"L\u00e4s mer om Fransf\u00f6rl\u00e4ngning.\">L\u00e4s mer<\/a><\/p>\n","protected":false},"author":1715,"featured_media":0,"comment_status":"open","ping_status":"open","sticky":false,"template":"","format":"standard","meta":{"footnotes":""},"categories":[1],"tags":[],"class_list":["post-3151","post","type-post","status-publish","format-standard","hentry","category-gamlainlagg"],"_links":{"self":[{"href":"https:\/\/blogg.improveme.se\/emeliemattsson\/wp-json\/wp\/v2\/posts\/3151","targetHints":{"allow":["GET"]}}],"collection":[{"href":"https:\/\/blogg.improveme.se\/emeliemattsson\/wp-json\/wp\/v2\/posts"}],"about":[{"href":"https:\/\/blogg.improveme.se\/emeliemattsson\/wp-json\/wp\/v2\/types\/post"}],"author":[{"embeddable":true,"href":"https:\/\/blogg.improveme.se\/emeliemattsson\/wp-json\/wp\/v2\/users\/1715"}],"replies":[{"embeddable":true,"href":"https:\/\/blogg.improveme.se\/emeliemattsson\/wp-json\/wp\/v2\/comments?post=3151"}],"version-history":[{"count":0,"href":"https:\/\/blogg.improveme.se\/emeliemattsson\/wp-json\/wp\/v2\/posts\/3151\/revisions"}],"wp:attachment":[{"href":"https:\/\/blogg.improveme.se\/emeliemattsson\/wp-json\/wp\/v2\/media?parent=3151"}],"wp:term":[{"taxonomy":"category","embeddable":true,"href":"https:\/\/blogg.improveme.se\/emeliemattsson\/wp-json\/wp\/v2\/categories?post=3151"},{"taxonomy":"post_tag","embeddable":true,"href":"https:\/\/blogg.improveme.se\/emeliemattsson\/wp-json\/wp\/v2\/tags?post=3151"}],"curies":[{"name":"wp","href":"https:\/\/api.w.org\/{rel}","templated":true}]}}