{"id":318,"date":"2009-06-26T11:44:00","date_gmt":"2009-06-26T10:44:00","guid":{"rendered":"http:\/\/blogg.improveme.se\/emeliemattsson\/2009\/06\/26\/2%c2%bd-ofrivillig-powerwalk-i-stekande-hetta\/"},"modified":"2009-06-26T11:44:00","modified_gmt":"2009-06-26T10:44:00","slug":"2%c2%bd-ofrivillig-powerwalk-i-stekande-hetta","status":"publish","type":"post","link":"https:\/\/blogg.improveme.se\/emeliemattsson\/2009\/06\/26\/2%c2%bd-ofrivillig-powerwalk-i-stekande-hetta\/","title":{"rendered":"2\u00bd (o)frivillig powerwalk i stekande hetta."},"content":{"rendered":"<p><P>Jag har precis kommit hem fr\u00e5n en 2\u00bd timmes ofrivillig powerwalk. <\/P><br \/>\n<P>Jag m\u00f6tte upp en v\u00e4n nere vid havet i morse kl 9 f\u00f6r att g\u00e5 den vanliga powerwalksrundan l\u00e4ngs havet som tar ca 1h15min. Jag k\u00f6rde sedan hem henne p\u00e5 scootern och SJALVKLART s\u00e5 ville inte min scooter sammarbeta efter det. Det l\u00e4ckte fr\u00e5n tanken osv. RIKTIGT irriterande var det att st\u00e5 d\u00e4r heelt genomsvettig efter en powerwalk, t\u00f6rstig och irriterad i stekande het sol. Jag st\u00e4llde bara scootern d\u00e4r och fick d\u00e5 en ytterligare halvtimmes powerwalk. Sammanlagt blev det en 2\u00bd tim morgonpromenads proccedur som i vanliga fall skulle tagit minst en timme mindre.<\/P><br \/>\n<P>Men man ska ju se det positiva i allt s\u00e5 det var v\u00e4l att jag fick lite extra tr\u00e4ning \ud83d\ude42<\/P><br \/>\n<P>Idag \u00e4r det fredag wieeee s\u00e5 underbart!!<\/P><br \/>\n<P>Ska \u00e5ka ner och ha lunch med ett g\u00e4ng tjejer p\u00e5 plage mala som ligger i cap d&#8217;ail. \u00c4r s\u00e5 mysigt med luncher tillsammans. \u00c4ven att bjuda hem n\u00e5gra tjejer p\u00e5 lunch. S\u00e5 l\u00e4nge man kan sitta och skvallra och prata och umg\u00e5s:)<\/P><br \/>\n<P><IMG src=\"http:\/\/s.improveme.se\/data\/filearchive\/32731.510x0.jpg\"><\/P><br \/>\n<P>Ha en mysig dag!<\/P><br \/>\n<P>Kram<\/P> <\/p>\n","protected":false},"excerpt":{"rendered":"<p>Jag har precis kommit hem fr\u00e5n en 2\u00bd timmes ofrivillig powerwalk. Jag m\u00f6tte upp en v\u00e4n nere vid havet i morse kl 9 f\u00f6r att g\u00e5 den vanliga powerwalksrundan l\u00e4ngs havet som tar ca 1h15min. Jag k\u00f6rde sedan hem henne p\u00e5 scootern och SJALVKLART s\u00e5 ville inte min scooter sammarbeta efter det. Det l\u00e4ckte fr\u00e5n &#8230; <a title=\"2\u00bd (o)frivillig powerwalk i stekande hetta.\" class=\"read-more\" href=\"https:\/\/blogg.improveme.se\/emeliemattsson\/2009\/06\/26\/2%c2%bd-ofrivillig-powerwalk-i-stekande-hetta\/\" aria-label=\"L\u00e4s mer om 2\u00bd (o)frivillig powerwalk i stekande hetta.\">L\u00e4s mer<\/a><\/p>\n","protected":false},"author":1715,"featured_media":0,"comment_status":"open","ping_status":"open","sticky":false,"template":"","format":"standard","meta":{"footnotes":""},"categories":[1],"tags":[],"class_list":["post-318","post","type-post","status-publish","format-standard","hentry","category-gamlainlagg"],"_links":{"self":[{"href":"https:\/\/blogg.improveme.se\/emeliemattsson\/wp-json\/wp\/v2\/posts\/318","targetHints":{"allow":["GET"]}}],"collection":[{"href":"https:\/\/blogg.improveme.se\/emeliemattsson\/wp-json\/wp\/v2\/posts"}],"about":[{"href":"https:\/\/blogg.improveme.se\/emeliemattsson\/wp-json\/wp\/v2\/types\/post"}],"author":[{"embeddable":true,"href":"https:\/\/blogg.improveme.se\/emeliemattsson\/wp-json\/wp\/v2\/users\/1715"}],"replies":[{"embeddable":true,"href":"https:\/\/blogg.improveme.se\/emeliemattsson\/wp-json\/wp\/v2\/comments?post=318"}],"version-history":[{"count":0,"href":"https:\/\/blogg.improveme.se\/emeliemattsson\/wp-json\/wp\/v2\/posts\/318\/revisions"}],"wp:attachment":[{"href":"https:\/\/blogg.improveme.se\/emeliemattsson\/wp-json\/wp\/v2\/media?parent=318"}],"wp:term":[{"taxonomy":"category","embeddable":true,"href":"https:\/\/blogg.improveme.se\/emeliemattsson\/wp-json\/wp\/v2\/categories?post=318"},{"taxonomy":"post_tag","embeddable":true,"href":"https:\/\/blogg.improveme.se\/emeliemattsson\/wp-json\/wp\/v2\/tags?post=318"}],"curies":[{"name":"wp","href":"https:\/\/api.w.org\/{rel}","templated":true}]}}