{"id":3198,"date":"2012-04-12T09:51:26","date_gmt":"2012-04-12T07:51:26","guid":{"rendered":"http:\/\/blogg.improveme.se\/emeliemattsson\/?p=3198"},"modified":"2012-04-12T09:51:26","modified_gmt":"2012-04-12T07:51:26","slug":"torsdagsmorgon","status":"publish","type":"post","link":"https:\/\/blogg.improveme.se\/emeliemattsson\/2012\/04\/12\/torsdagsmorgon\/","title":{"rendered":"Torsdagsmorgon"},"content":{"rendered":"<p>Tog en morgonpromenad med Lirreman innan jobbet. Sk\u00f6nt med frisk luft som start p\u00e5 dagen tycker jag:) Har f\u00f6rsta klienten vid halv 11 idag s\u00e5 hade lite sovmorgon och sitter och \u00e4ter frukost nu. Har vilodag ifr\u00e5n tr\u00e4ningen idag. Imorgon tar vi helg. Det ska bli j\u00e4ttesk\u00f6nt \u00e4ven om denna vecka har varit kort.<\/p>\n<p><a href=\"http:\/\/blogg.improveme.se\/emeliemattsson\/files\/2012\/04\/photo-59.jpg\"><img loading=\"lazy\" decoding=\"async\" class=\"alignnone size-full wp-image-3199\" title=\"photo-59\" src=\"http:\/\/blogg.improveme.se\/emeliemattsson\/files\/2012\/04\/photo-59.jpg\" alt=\"\" width=\"480\" height=\"640\" srcset=\"https:\/\/blogg.improveme.se\/emeliemattsson\/files\/2012\/04\/photo-59.jpg 480w, https:\/\/blogg.improveme.se\/emeliemattsson\/files\/2012\/04\/photo-59-225x300.jpg 225w\" sizes=\"auto, (max-width: 480px) 100vw, 480px\" \/><\/a><\/p>\n<p><a href=\"http:\/\/blogg.improveme.se\/emeliemattsson\/files\/2012\/04\/photo-60.jpg\"><img loading=\"lazy\" decoding=\"async\" class=\"alignnone size-full wp-image-3200\" title=\"photo-60\" src=\"http:\/\/blogg.improveme.se\/emeliemattsson\/files\/2012\/04\/photo-60.jpg\" alt=\"\" width=\"480\" height=\"640\" srcset=\"https:\/\/blogg.improveme.se\/emeliemattsson\/files\/2012\/04\/photo-60.jpg 480w, https:\/\/blogg.improveme.se\/emeliemattsson\/files\/2012\/04\/photo-60-225x300.jpg 225w\" sizes=\"auto, (max-width: 480px) 100vw, 480px\" \/><\/a><\/p>\n","protected":false},"excerpt":{"rendered":"<p>Tog en morgonpromenad med Lirreman innan jobbet. Sk\u00f6nt med frisk luft som start p\u00e5 dagen tycker jag:) Har f\u00f6rsta klienten vid halv 11 idag s\u00e5 hade lite sovmorgon och sitter och \u00e4ter frukost nu. Har vilodag ifr\u00e5n tr\u00e4ningen idag. Imorgon tar vi helg. Det ska bli j\u00e4ttesk\u00f6nt \u00e4ven om denna vecka har varit kort.<\/p>\n","protected":false},"author":1715,"featured_media":0,"comment_status":"open","ping_status":"open","sticky":false,"template":"","format":"standard","meta":{"footnotes":""},"categories":[1],"tags":[],"class_list":["post-3198","post","type-post","status-publish","format-standard","hentry","category-gamlainlagg"],"_links":{"self":[{"href":"https:\/\/blogg.improveme.se\/emeliemattsson\/wp-json\/wp\/v2\/posts\/3198","targetHints":{"allow":["GET"]}}],"collection":[{"href":"https:\/\/blogg.improveme.se\/emeliemattsson\/wp-json\/wp\/v2\/posts"}],"about":[{"href":"https:\/\/blogg.improveme.se\/emeliemattsson\/wp-json\/wp\/v2\/types\/post"}],"author":[{"embeddable":true,"href":"https:\/\/blogg.improveme.se\/emeliemattsson\/wp-json\/wp\/v2\/users\/1715"}],"replies":[{"embeddable":true,"href":"https:\/\/blogg.improveme.se\/emeliemattsson\/wp-json\/wp\/v2\/comments?post=3198"}],"version-history":[{"count":0,"href":"https:\/\/blogg.improveme.se\/emeliemattsson\/wp-json\/wp\/v2\/posts\/3198\/revisions"}],"wp:attachment":[{"href":"https:\/\/blogg.improveme.se\/emeliemattsson\/wp-json\/wp\/v2\/media?parent=3198"}],"wp:term":[{"taxonomy":"category","embeddable":true,"href":"https:\/\/blogg.improveme.se\/emeliemattsson\/wp-json\/wp\/v2\/categories?post=3198"},{"taxonomy":"post_tag","embeddable":true,"href":"https:\/\/blogg.improveme.se\/emeliemattsson\/wp-json\/wp\/v2\/tags?post=3198"}],"curies":[{"name":"wp","href":"https:\/\/api.w.org\/{rel}","templated":true}]}}