{"id":3231,"date":"2012-04-17T08:16:22","date_gmt":"2012-04-17T06:16:22","guid":{"rendered":"http:\/\/blogg.improveme.se\/emeliemattsson\/?p=3231"},"modified":"2012-04-17T07:27:13","modified_gmt":"2012-04-17T05:27:13","slug":"25ar-idag","status":"publish","type":"post","link":"https:\/\/blogg.improveme.se\/emeliemattsson\/2012\/04\/17\/25ar-idag\/","title":{"rendered":"25\u00e5r idag:)"},"content":{"rendered":"<p><span style=\"text-decoration: underline;\"><strong>Idag fyller jag 25\u00e5r!<\/strong><\/span> Herregud. Det k\u00e4nns som ig\u00e5r n\u00e4r jag flyttade ifr\u00e5n Sverige f\u00f6r att uppt\u00e4cka v\u00e4rlden 19\u00e5r gammal. 5\u00e5r var jag borta och de \u00e5ren bara fl\u00f6g f\u00f6rbi:) Nytt \u00e5r, nya m\u00f6jligheter. 25\u00e5r \u00e4r en \u00e5lder m\u00e5nga stressar \u00f6ver. S\u00e5 \u00e4r det inte f\u00f6r mig. M\u00e5nga av mina v\u00e4nner har satt 25\u00e5r som \u00e5ret d\u00e5 de senast ska ha barn och vara gifta. F\u00f6r mig \u00e4r det bara en \u00e5lder. Det \u00e4r s\u00e5 mycket kvar att g\u00f6ra och uppt\u00e4cka innan n\u00e4sta steg i livet.<\/p>\n<p>F\u00f6r 2 \u00e5r sedan trodde \u00e4ven jag att jag skulle vara d\u00e4r, men det var s\u00e5 mycket i mitt liv som f\u00f6r\u00e4ndrades f\u00f6rra \u00e5ret. Jag avslutade en 5\u00e5rig relation, jag flyttade hem pga k\u00e4rlek och jobb, osv. Nu lever jag bara dag f\u00f6r dag. Man vet aldrig vad som h\u00e4nder:)<\/p>\n<p>Jag t\u00e4nkte starta min dag med ett bes\u00f6k p\u00e5 gymmet, inga konstigheter. Har lyxat p\u00e5 mig lite sovmorgon iaf, och sen jobbar jag sent ikv\u00e4ll.<\/p>\n<p><a href=\"http:\/\/blogg.improveme.se\/emeliemattsson\/files\/2012\/04\/lio.jpg\"><img loading=\"lazy\" decoding=\"async\" class=\"alignnone size-full wp-image-3233\" title=\"lio\" src=\"http:\/\/blogg.improveme.se\/emeliemattsson\/files\/2012\/04\/lio.jpg\" alt=\"\" width=\"464\" height=\"640\" srcset=\"https:\/\/blogg.improveme.se\/emeliemattsson\/files\/2012\/04\/lio.jpg 464w, https:\/\/blogg.improveme.se\/emeliemattsson\/files\/2012\/04\/lio-217x300.jpg 217w\" sizes=\"auto, (max-width: 464px) 100vw, 464px\" \/><\/a><\/p>\n","protected":false},"excerpt":{"rendered":"<p>Idag fyller jag 25\u00e5r! Herregud. Det k\u00e4nns som ig\u00e5r n\u00e4r jag flyttade ifr\u00e5n Sverige f\u00f6r att uppt\u00e4cka v\u00e4rlden 19\u00e5r gammal. 5\u00e5r var jag borta och de \u00e5ren bara fl\u00f6g f\u00f6rbi:) Nytt \u00e5r, nya m\u00f6jligheter. 25\u00e5r \u00e4r en \u00e5lder m\u00e5nga stressar \u00f6ver. S\u00e5 \u00e4r det inte f\u00f6r mig. M\u00e5nga av mina v\u00e4nner har satt 25\u00e5r som &#8230; <a title=\"25\u00e5r idag:)\" class=\"read-more\" href=\"https:\/\/blogg.improveme.se\/emeliemattsson\/2012\/04\/17\/25ar-idag\/\" aria-label=\"L\u00e4s mer om 25\u00e5r idag:)\">L\u00e4s mer<\/a><\/p>\n","protected":false},"author":1715,"featured_media":0,"comment_status":"open","ping_status":"open","sticky":false,"template":"","format":"standard","meta":{"footnotes":""},"categories":[1],"tags":[],"class_list":["post-3231","post","type-post","status-publish","format-standard","hentry","category-gamlainlagg"],"_links":{"self":[{"href":"https:\/\/blogg.improveme.se\/emeliemattsson\/wp-json\/wp\/v2\/posts\/3231","targetHints":{"allow":["GET"]}}],"collection":[{"href":"https:\/\/blogg.improveme.se\/emeliemattsson\/wp-json\/wp\/v2\/posts"}],"about":[{"href":"https:\/\/blogg.improveme.se\/emeliemattsson\/wp-json\/wp\/v2\/types\/post"}],"author":[{"embeddable":true,"href":"https:\/\/blogg.improveme.se\/emeliemattsson\/wp-json\/wp\/v2\/users\/1715"}],"replies":[{"embeddable":true,"href":"https:\/\/blogg.improveme.se\/emeliemattsson\/wp-json\/wp\/v2\/comments?post=3231"}],"version-history":[{"count":0,"href":"https:\/\/blogg.improveme.se\/emeliemattsson\/wp-json\/wp\/v2\/posts\/3231\/revisions"}],"wp:attachment":[{"href":"https:\/\/blogg.improveme.se\/emeliemattsson\/wp-json\/wp\/v2\/media?parent=3231"}],"wp:term":[{"taxonomy":"category","embeddable":true,"href":"https:\/\/blogg.improveme.se\/emeliemattsson\/wp-json\/wp\/v2\/categories?post=3231"},{"taxonomy":"post_tag","embeddable":true,"href":"https:\/\/blogg.improveme.se\/emeliemattsson\/wp-json\/wp\/v2\/tags?post=3231"}],"curies":[{"name":"wp","href":"https:\/\/api.w.org\/{rel}","templated":true}]}}