{"id":326,"date":"2009-06-29T07:57:00","date_gmt":"2009-06-29T06:57:00","guid":{"rendered":"http:\/\/blogg.improveme.se\/emeliemattsson\/2009\/06\/29\/vart-ska-vi-aka-pa-semester\/"},"modified":"2009-06-29T07:57:00","modified_gmt":"2009-06-29T06:57:00","slug":"vart-ska-vi-aka-pa-semester","status":"publish","type":"post","link":"https:\/\/blogg.improveme.se\/emeliemattsson\/2009\/06\/29\/vart-ska-vi-aka-pa-semester\/","title":{"rendered":"Vart ska vi \u00e5ka p\u00e5 semester?"},"content":{"rendered":"<p><P>Nu beh\u00f6ver jag era r\u00e5d och tips. Vi t\u00e4nkte n\u00e4mligen ta en spontanresa ngnstans. Jag vill ha ngt tropiskt, med h\u00e4rliga str\u00e4nder, god mat f\u00f6r lite avslappning. G\u00e4rna ngn liten \u00f6 eller ett komplex med spa och liknande. Vi \u00e4r allts\u00e5 inte ute efter fest osv utan vill komma iv\u00e4g p\u00e5 en avkopplande k\u00e4rleksvecka:) F\u00f6r mig \u00e4r att hotellet ligger p\u00e5 stranden eller i vattnet (som watervillas)&nbsp;viktigast f\u00f6r mig. Och vi vill inte betala \u00f6ver 100,000 f\u00f6r en vecka s\u00e5 Maldiverna \u00e4r uteslutet:) n\u00e5got liknande Thailands sm\u00e5\u00f6ar&nbsp;fast n\u00e4rmre! (var d\u00e4r f\u00f6rra \u00e5ret och blir rastl\u00f6s att flyga s\u00e5 l\u00e5ngt f\u00f6r enbart en vecka)<\/P><br \/>\n<P>S\u00e5 kom igen tipsa tipsa tipsa. Vi har slut p\u00e5 id\u00e9er vart vi vill \u00e5ka!<\/P><IMG src=\"http:\/\/s.improveme.se\/data\/filearchive\/33170.510x0.jpg\"> <IMG src=\"http:\/\/s.improveme.se\/data\/filearchive\/33171.510x0.jpg\"> <\/p>\n","protected":false},"excerpt":{"rendered":"<p>Nu beh\u00f6ver jag era r\u00e5d och tips. Vi t\u00e4nkte n\u00e4mligen ta en spontanresa ngnstans. Jag vill ha ngt tropiskt, med h\u00e4rliga str\u00e4nder, god mat f\u00f6r lite avslappning. G\u00e4rna ngn liten \u00f6 eller ett komplex med spa och liknande. Vi \u00e4r allts\u00e5 inte ute efter fest osv utan vill komma iv\u00e4g p\u00e5 en avkopplande k\u00e4rleksvecka:) F\u00f6r &#8230; <a title=\"Vart ska vi \u00e5ka p\u00e5 semester?\" class=\"read-more\" href=\"https:\/\/blogg.improveme.se\/emeliemattsson\/2009\/06\/29\/vart-ska-vi-aka-pa-semester\/\" aria-label=\"L\u00e4s mer om Vart ska vi \u00e5ka p\u00e5 semester?\">L\u00e4s mer<\/a><\/p>\n","protected":false},"author":1715,"featured_media":0,"comment_status":"open","ping_status":"open","sticky":false,"template":"","format":"standard","meta":{"footnotes":""},"categories":[1],"tags":[],"class_list":["post-326","post","type-post","status-publish","format-standard","hentry","category-gamlainlagg"],"_links":{"self":[{"href":"https:\/\/blogg.improveme.se\/emeliemattsson\/wp-json\/wp\/v2\/posts\/326","targetHints":{"allow":["GET"]}}],"collection":[{"href":"https:\/\/blogg.improveme.se\/emeliemattsson\/wp-json\/wp\/v2\/posts"}],"about":[{"href":"https:\/\/blogg.improveme.se\/emeliemattsson\/wp-json\/wp\/v2\/types\/post"}],"author":[{"embeddable":true,"href":"https:\/\/blogg.improveme.se\/emeliemattsson\/wp-json\/wp\/v2\/users\/1715"}],"replies":[{"embeddable":true,"href":"https:\/\/blogg.improveme.se\/emeliemattsson\/wp-json\/wp\/v2\/comments?post=326"}],"version-history":[{"count":0,"href":"https:\/\/blogg.improveme.se\/emeliemattsson\/wp-json\/wp\/v2\/posts\/326\/revisions"}],"wp:attachment":[{"href":"https:\/\/blogg.improveme.se\/emeliemattsson\/wp-json\/wp\/v2\/media?parent=326"}],"wp:term":[{"taxonomy":"category","embeddable":true,"href":"https:\/\/blogg.improveme.se\/emeliemattsson\/wp-json\/wp\/v2\/categories?post=326"},{"taxonomy":"post_tag","embeddable":true,"href":"https:\/\/blogg.improveme.se\/emeliemattsson\/wp-json\/wp\/v2\/tags?post=326"}],"curies":[{"name":"wp","href":"https:\/\/api.w.org\/{rel}","templated":true}]}}