{"id":3301,"date":"2012-04-28T20:33:02","date_gmt":"2012-04-28T18:33:02","guid":{"rendered":"http:\/\/blogg.improveme.se\/emeliemattsson\/?p=3301"},"modified":"2012-04-28T20:39:17","modified_gmt":"2012-04-28T18:39:17","slug":"forandringar","status":"publish","type":"post","link":"https:\/\/blogg.improveme.se\/emeliemattsson\/2012\/04\/28\/forandringar\/","title":{"rendered":"F\u00f6r\u00e4ndringar"},"content":{"rendered":"<p><a href=\"http:\/\/blogg.improveme.se\/emeliemattsson\/files\/2012\/04\/Bild-2012-04-28-kl.-20.36-2.jpg\"><img loading=\"lazy\" decoding=\"async\" class=\"alignnone size-full wp-image-3303\" title=\"Bild 2012-04-28 kl. 20.36 #2\" src=\"http:\/\/blogg.improveme.se\/emeliemattsson\/files\/2012\/04\/Bild-2012-04-28-kl.-20.36-2.jpg\" alt=\"\" width=\"640\" height=\"480\" srcset=\"https:\/\/blogg.improveme.se\/emeliemattsson\/files\/2012\/04\/Bild-2012-04-28-kl.-20.36-2.jpg 640w, https:\/\/blogg.improveme.se\/emeliemattsson\/files\/2012\/04\/Bild-2012-04-28-kl.-20.36-2-300x225.jpg 300w\" sizes=\"auto, (max-width: 640px) 100vw, 640px\" \/><\/a><\/p>\n<p>Dagarna g\u00e5r s\u00e5\u00e5fort. Uppt\u00e4ckte precis att jag inte bloggat varken ig\u00e5r eller idag:) Mycket h\u00e4nder i mitt liv just nu. Jag kommer underfund med nya saker, g\u00f6r lite f\u00f6r\u00e4ndringar, utvecklas, tar tag i saker osv. Saker som kanske verkar sm\u00e5 utifr\u00e5n, men det \u00e4r stora steg f\u00f6r mig och min personliga utveckling. Idag b\u00f6rjade vi dagen med en l\u00e5\u00e5\u00e5\u00e5\u00e5ngprommis runt \u00e5rstaviken. Sedan blev det lite intervaller och h\u00f6greps tr\u00e4ning f\u00f6r mig. Funderar p\u00e5 om det ska bli bio eller hyrfilm ikv\u00e4ll:) Kram Kram<\/p>\n","protected":false},"excerpt":{"rendered":"<p>Dagarna g\u00e5r s\u00e5\u00e5fort. Uppt\u00e4ckte precis att jag inte bloggat varken ig\u00e5r eller idag:) Mycket h\u00e4nder i mitt liv just nu. Jag kommer underfund med nya saker, g\u00f6r lite f\u00f6r\u00e4ndringar, utvecklas, tar tag i saker osv. Saker som kanske verkar sm\u00e5 utifr\u00e5n, men det \u00e4r stora steg f\u00f6r mig och min personliga utveckling. Idag b\u00f6rjade vi &#8230; <a title=\"F\u00f6r\u00e4ndringar\" class=\"read-more\" href=\"https:\/\/blogg.improveme.se\/emeliemattsson\/2012\/04\/28\/forandringar\/\" aria-label=\"L\u00e4s mer om F\u00f6r\u00e4ndringar\">L\u00e4s mer<\/a><\/p>\n","protected":false},"author":1715,"featured_media":0,"comment_status":"open","ping_status":"open","sticky":false,"template":"","format":"standard","meta":{"footnotes":""},"categories":[1],"tags":[],"class_list":["post-3301","post","type-post","status-publish","format-standard","hentry","category-gamlainlagg"],"_links":{"self":[{"href":"https:\/\/blogg.improveme.se\/emeliemattsson\/wp-json\/wp\/v2\/posts\/3301","targetHints":{"allow":["GET"]}}],"collection":[{"href":"https:\/\/blogg.improveme.se\/emeliemattsson\/wp-json\/wp\/v2\/posts"}],"about":[{"href":"https:\/\/blogg.improveme.se\/emeliemattsson\/wp-json\/wp\/v2\/types\/post"}],"author":[{"embeddable":true,"href":"https:\/\/blogg.improveme.se\/emeliemattsson\/wp-json\/wp\/v2\/users\/1715"}],"replies":[{"embeddable":true,"href":"https:\/\/blogg.improveme.se\/emeliemattsson\/wp-json\/wp\/v2\/comments?post=3301"}],"version-history":[{"count":0,"href":"https:\/\/blogg.improveme.se\/emeliemattsson\/wp-json\/wp\/v2\/posts\/3301\/revisions"}],"wp:attachment":[{"href":"https:\/\/blogg.improveme.se\/emeliemattsson\/wp-json\/wp\/v2\/media?parent=3301"}],"wp:term":[{"taxonomy":"category","embeddable":true,"href":"https:\/\/blogg.improveme.se\/emeliemattsson\/wp-json\/wp\/v2\/categories?post=3301"},{"taxonomy":"post_tag","embeddable":true,"href":"https:\/\/blogg.improveme.se\/emeliemattsson\/wp-json\/wp\/v2\/tags?post=3301"}],"curies":[{"name":"wp","href":"https:\/\/api.w.org\/{rel}","templated":true}]}}