{"id":3314,"date":"2012-04-30T18:13:05","date_gmt":"2012-04-30T16:13:05","guid":{"rendered":"http:\/\/blogg.improveme.se\/emeliemattsson\/?p=3314"},"modified":"2012-04-30T18:15:16","modified_gmt":"2012-04-30T16:15:16","slug":"ett-litet-break","status":"publish","type":"post","link":"https:\/\/blogg.improveme.se\/emeliemattsson\/2012\/04\/30\/ett-litet-break\/","title":{"rendered":"Prioriteringar"},"content":{"rendered":"<p>Hej Hopp bloggen.<\/p>\n<p>Ibland skriver jag saker h\u00e4r, och sedan suddar jag ut. Ibland vill man skriva saker, men s\u00e5 k\u00e4nner jag att det blir lite f\u00f6r personligt, och s\u00e5 suddar jag ut igen. Bloggen har ju f\u00f6ljt mig i \u00f6ver 5\u00e5r och har alltid varit som en lite dagbok d\u00e4r jag skriver ner tankar och h\u00e4ndelser. Vart g\u00e5r egentligen gr\u00e4nsen f\u00f6r vad jag vill skriva om i bloggen? F\u00f6rut var jag mycket mer personlig och skrev om min relation, k\u00e4nslor och privatliv. Nu har jag h\u00e5llit det till tr\u00e4ning och ytliga ting, men k\u00e4nner att jag inte vill skriva om det l\u00e4ngre. Jag vill ju skriva om personliga saker och om saker som f\u00f6rgyller min vardag och saker \/m\u00e4nniskor som betyder mycket f\u00f6r mig. Jag ska ta mig en tankest\u00e4llare och kanske kommer det att bli lite \u00e4ndring h\u00e4r:)\u00a0<img loading=\"lazy\" decoding=\"async\" class=\"alignnone size-full wp-image-3315\" title=\"Bild 2012-04-30 kl. 18.10\" src=\"http:\/\/blogg.improveme.se\/emeliemattsson\/files\/2012\/04\/Bild-2012-04-30-kl.-18.10.jpg\" alt=\"\" width=\"640\" height=\"480\" srcset=\"https:\/\/blogg.improveme.se\/emeliemattsson\/files\/2012\/04\/Bild-2012-04-30-kl.-18.10.jpg 640w, https:\/\/blogg.improveme.se\/emeliemattsson\/files\/2012\/04\/Bild-2012-04-30-kl.-18.10-300x225.jpg 300w\" sizes=\"auto, (max-width: 640px) 100vw, 640px\" \/><\/p>\n<p>P\u00e5 sista tiden har jag dragit ner lite p\u00e5 jobb,tr\u00e4ning, och andra m\u00e5sten och f\u00f6rs\u00f6kt att bearbeta och jobba lite med mig sj\u00e4lv. Det blir mycket yta n\u00e4r man jobbar som PT, tr\u00e4nar och \u00e4ter strikt och lever med n\u00e5gon som \u00e4r precis likadan. Det har blivit lite f\u00f6r mycket f\u00f6r mig. Trodde aldrig jag skulle skriva detta, men s\u00e5 \u00e4r det. Att tr\u00e4na \u00e4r mitt liv, men att ocks\u00e5 jobba med det fulltid och bara umg\u00e5s med folk som tr\u00e4nar och bara prata tr\u00e4ning har jag inte varit van vid tidigare. Tr\u00e4ning f\u00f6r mig har tidigare varit avkoppling och en trygghet och nu har Tr\u00e4ningen k\u00e4nts lite mer som ett m\u00e5ste ist\u00e4llet. Jag har beh\u00f6vt en paus f\u00f6r att landa lite. Senaste veckan har jag vaknat upp och k\u00e4nt efter vad jag k\u00e4nner f\u00f6r att g\u00f6ra. K\u00e4nner jag f\u00f6r att g\u00e5 till gymmet s\u00e5 g\u00f6r jag det, k\u00e4nner jag f\u00f6r att ta en promenad s\u00e5 g\u00f6r jag det. K\u00e4nner jag f\u00f6r att bara m\u00e5la, sova, umg\u00e5s,s\u00e5 g\u00f6r jag det. Inga m\u00e5sten.<\/p>\n<p>Nu ska jag snart hem till sv\u00e4rmor p\u00e5 god valborgsmiddag. Mums!<\/p>\n","protected":false},"excerpt":{"rendered":"<p>Hej Hopp bloggen. Ibland skriver jag saker h\u00e4r, och sedan suddar jag ut. Ibland vill man skriva saker, men s\u00e5 k\u00e4nner jag att det blir lite f\u00f6r personligt, och s\u00e5 suddar jag ut igen. Bloggen har ju f\u00f6ljt mig i \u00f6ver 5\u00e5r och har alltid varit som en lite dagbok d\u00e4r jag skriver ner tankar &#8230; <a title=\"Prioriteringar\" class=\"read-more\" href=\"https:\/\/blogg.improveme.se\/emeliemattsson\/2012\/04\/30\/ett-litet-break\/\" aria-label=\"L\u00e4s mer om Prioriteringar\">L\u00e4s mer<\/a><\/p>\n","protected":false},"author":1715,"featured_media":0,"comment_status":"open","ping_status":"open","sticky":false,"template":"","format":"standard","meta":{"footnotes":""},"categories":[1],"tags":[],"class_list":["post-3314","post","type-post","status-publish","format-standard","hentry","category-gamlainlagg"],"_links":{"self":[{"href":"https:\/\/blogg.improveme.se\/emeliemattsson\/wp-json\/wp\/v2\/posts\/3314","targetHints":{"allow":["GET"]}}],"collection":[{"href":"https:\/\/blogg.improveme.se\/emeliemattsson\/wp-json\/wp\/v2\/posts"}],"about":[{"href":"https:\/\/blogg.improveme.se\/emeliemattsson\/wp-json\/wp\/v2\/types\/post"}],"author":[{"embeddable":true,"href":"https:\/\/blogg.improveme.se\/emeliemattsson\/wp-json\/wp\/v2\/users\/1715"}],"replies":[{"embeddable":true,"href":"https:\/\/blogg.improveme.se\/emeliemattsson\/wp-json\/wp\/v2\/comments?post=3314"}],"version-history":[{"count":0,"href":"https:\/\/blogg.improveme.se\/emeliemattsson\/wp-json\/wp\/v2\/posts\/3314\/revisions"}],"wp:attachment":[{"href":"https:\/\/blogg.improveme.se\/emeliemattsson\/wp-json\/wp\/v2\/media?parent=3314"}],"wp:term":[{"taxonomy":"category","embeddable":true,"href":"https:\/\/blogg.improveme.se\/emeliemattsson\/wp-json\/wp\/v2\/categories?post=3314"},{"taxonomy":"post_tag","embeddable":true,"href":"https:\/\/blogg.improveme.se\/emeliemattsson\/wp-json\/wp\/v2\/tags?post=3314"}],"curies":[{"name":"wp","href":"https:\/\/api.w.org\/{rel}","templated":true}]}}