{"id":336,"date":"2009-06-30T16:47:00","date_gmt":"2009-06-30T15:47:00","guid":{"rendered":"http:\/\/blogg.improveme.se\/emeliemattsson\/2009\/06\/30\/tips-for-din-hy-under-sommaren\/"},"modified":"2009-06-30T16:47:00","modified_gmt":"2009-06-30T15:47:00","slug":"tips-for-din-hy-under-sommaren","status":"publish","type":"post","link":"https:\/\/blogg.improveme.se\/emeliemattsson\/2009\/06\/30\/tips-for-din-hy-under-sommaren\/","title":{"rendered":"Tips f\u00f6r din hy under sommaren."},"content":{"rendered":"<p><P>Ni gl\u00f6mmer v\u00e4l inte bort att ta hand om er hud innan och efter sol?<\/P><br \/>\n<P>Jag har n\u00e4mnt det f\u00f6rut men jag \u00e4r alltid supernoga med min hy. H\u00e4r \u00e4r n\u00e5gra saker ja g\u00f6r f\u00f6r att h\u00e5lla min hy ung och fr\u00e4sh och frisk. \u00c4ven tips hur ni beh\u00e5ller solbr\u00e4nnan l\u00e4ngst och st\u00e5r ut de heta sommardagarna p\u00e5 stranden.<\/P><br \/>\n<P><FONT size=5><STRONG>Jag&#8230;<\/STRONG><\/FONT><\/P><br \/>\n<P>&#8211; <FONT size=4><STRONG>Skrubbar hela kroppen minst en g\u00e5ng i veckan.<\/STRONG><\/FONT> <\/P><br \/>\n<P>P\u00e5 s\u00e5 s\u00e4tt tar du bort d\u00f6da hudceller och din hy h\u00e5ller sig mjuk. Solbr\u00e4nnan som du f\u00e5r h\u00e5ller ocks\u00e5 l\u00e4ngre p\u00e5 ny fr\u00e4sh hud.<\/P><br \/>\n<P>&#8211; <FONT size=4><STRONG>Anv\u00e4nder ALLTID solskyddsfaktor.<\/STRONG><\/FONT> <\/P><br \/>\n<P>\u00c4ven om jag \u00e4r brun naturligt och aldrig br\u00e4nner mig s\u00e5 skyddar det min hy. Jag har alltid 15 spf. F\u00e4rgen h\u00e5ller ocks\u00e5 l\u00e4ngre om man grundar l\u00e5ngsamt och inte stressbr\u00e4nner. Usch det \u00e4r inte bra f\u00f6r huden. Ser alldeles f\u00f6r m\u00e5nga turister som kommer hit och ligger och pressar med olja f\u00f6rsta dagen och g\u00e5r hem alldeles r\u00f6da. Jag \u00e4r den som g\u00e5r och sm\u00f6rjer in alla v\u00e4nner s\u00e5 de inte br\u00e4nner sig och ser till s\u00e5 de \u00e4r ordentligt skyddande om de somnar osv. hehe&nbsp;Mini-mamman p\u00e5 stranden:)<\/P><br \/>\n<P><STRONG><FONT size=4>&#8211; Ger min kropp fukt och fett:)<\/FONT><\/STRONG><\/P><br \/>\n<P>Efter jag duschat s\u00e5 dr\u00e4nker jag alltid kroppen med babyolja eller olivolja&nbsp;och l\u00e5ter sedan detta torka in. Det g\u00f6r s\u00e5 att min hy alltid \u00e4r babylen och mjuk och aldrig torkar ut. Sen sm\u00f6rjer jag \u00e4ven in kroppen konstant. Extra viktigt i Sverige d\u00e5 luften \u00e4r s\u00e5 torr. Min hy blir j\u00e4ttel\u00e4tt torr s\u00e5 fort jag \u00e4r d\u00e4r.<\/P><br \/>\n<P>&#8211;<FONT size=4><STRONG> Dricker mycket vatten!<\/STRONG><\/FONT> <\/P><br \/>\n<P>Din kropp torkar ut och den inte f\u00e5r fukt och v\u00e4tska under varma sommardagar. Jag f\u00f6rs\u00f6ker alltid ha med mig 1,5-2l vattern med mig p\u00e5 stranden. Eller be om en ananas juice eller f\u00e4rskpressad apelsin juice. Drick drick drick:)<\/P><br \/>\n<P>&#8211; <FONT size=4><STRONG>Gl\u00f6mmer&nbsp;aldrig bort att sm\u00f6rja in&nbsp;mig med after sun efter en dag p\u00e5 stranden.<\/STRONG><\/FONT> <\/P><br \/>\n<P>Jag brukar st\u00e4lla flaskan i kylen f\u00f6r d\u00e5 \u00e4r den kall och avsvalkande n\u00e4r jag ska anv\u00e4nda den:)<\/P><br \/>\n<P><IMG src=\"http:\/\/s.improveme.se\/data\/filearchive\/33529.510x0.jpg\"><\/P><br \/>\n<P>Ett tips till er som inte orkar ligga s\u00e5 l\u00e4nge fast\u00e4n att ni verkligen vill.&nbsp;Jag&nbsp;brukar k\u00f6pa med mig en evian p\u00e5 sprayflaska och l\u00e4gga i en isbucket p\u00e5 stranden. Anv\u00e4nder sedan den att ge fukt och kyla&nbsp;i ansiktet och p\u00e5 kroppen. V\u00e4rldens b\u00e4sta uppfinning. Vet inte om den finns i Sverige. N\u00e4r vi \u00e4r p\u00e5 lunch s\u00e5 tar alla med sig det och l\u00e4gger i vinbucketen s\u00e5 de \u00e4r iskalla och anv\u00e4nder \u00e4ven under lunchen. <\/P><br \/>\n<P><IMG src=\"http:\/\/s.improveme.se\/data\/filearchive\/33546.510x0.jpg\"><\/P><br \/>\n<P>Kram<\/P> <\/p>\n","protected":false},"excerpt":{"rendered":"<p>Ni gl\u00f6mmer v\u00e4l inte bort att ta hand om er hud innan och efter sol? Jag har n\u00e4mnt det f\u00f6rut men jag \u00e4r alltid supernoga med min hy. H\u00e4r \u00e4r n\u00e5gra saker ja g\u00f6r f\u00f6r att h\u00e5lla min hy ung och fr\u00e4sh och frisk. \u00c4ven tips hur ni beh\u00e5ller solbr\u00e4nnan l\u00e4ngst och st\u00e5r ut de &#8230; <a title=\"Tips f\u00f6r din hy under sommaren.\" class=\"read-more\" href=\"https:\/\/blogg.improveme.se\/emeliemattsson\/2009\/06\/30\/tips-for-din-hy-under-sommaren\/\" aria-label=\"L\u00e4s mer om Tips f\u00f6r din hy under sommaren.\">L\u00e4s mer<\/a><\/p>\n","protected":false},"author":1715,"featured_media":0,"comment_status":"open","ping_status":"open","sticky":false,"template":"","format":"standard","meta":{"footnotes":""},"categories":[1],"tags":[],"class_list":["post-336","post","type-post","status-publish","format-standard","hentry","category-gamlainlagg"],"_links":{"self":[{"href":"https:\/\/blogg.improveme.se\/emeliemattsson\/wp-json\/wp\/v2\/posts\/336","targetHints":{"allow":["GET"]}}],"collection":[{"href":"https:\/\/blogg.improveme.se\/emeliemattsson\/wp-json\/wp\/v2\/posts"}],"about":[{"href":"https:\/\/blogg.improveme.se\/emeliemattsson\/wp-json\/wp\/v2\/types\/post"}],"author":[{"embeddable":true,"href":"https:\/\/blogg.improveme.se\/emeliemattsson\/wp-json\/wp\/v2\/users\/1715"}],"replies":[{"embeddable":true,"href":"https:\/\/blogg.improveme.se\/emeliemattsson\/wp-json\/wp\/v2\/comments?post=336"}],"version-history":[{"count":0,"href":"https:\/\/blogg.improveme.se\/emeliemattsson\/wp-json\/wp\/v2\/posts\/336\/revisions"}],"wp:attachment":[{"href":"https:\/\/blogg.improveme.se\/emeliemattsson\/wp-json\/wp\/v2\/media?parent=336"}],"wp:term":[{"taxonomy":"category","embeddable":true,"href":"https:\/\/blogg.improveme.se\/emeliemattsson\/wp-json\/wp\/v2\/categories?post=336"},{"taxonomy":"post_tag","embeddable":true,"href":"https:\/\/blogg.improveme.se\/emeliemattsson\/wp-json\/wp\/v2\/tags?post=336"}],"curies":[{"name":"wp","href":"https:\/\/api.w.org\/{rel}","templated":true}]}}