{"id":3393,"date":"2012-05-12T16:42:02","date_gmt":"2012-05-12T14:42:02","guid":{"rendered":"http:\/\/blogg.improveme.se\/emeliemattsson\/?p=3393"},"modified":"2012-05-12T16:42:02","modified_gmt":"2012-05-12T14:42:02","slug":"rygg-axlar-pa-balance","status":"publish","type":"post","link":"https:\/\/blogg.improveme.se\/emeliemattsson\/2012\/05\/12\/rygg-axlar-pa-balance\/","title":{"rendered":"Rygg, axlar p\u00e5 Balance"},"content":{"rendered":"<p>Idag blev rygg och axlar p\u00e5 Balance. \u00c4r riktigt n\u00f6jd med passet. K\u00e4nner mig ganska stark och har l\u00e4tt f\u00f6r kontakt och trycket \u00e4r som aldrig f\u00f6rr! Det \u00e4r otroligt vad lite avslappning och lite sl\u00e4pp p\u00e5 kontrollen kan g\u00f6ra f\u00f6r trycket. Nu b\u00f6rjar kroppen ge efter lite mer och har slutat med sin motkamp. M\u00e5r du d\u00e5ligt inombords eller har en inre stress s\u00e5 kommer du aldrig f\u00e5 de resultat du vill ha. Kroppen \u00e4r ingen maskin, det har jag m\u00e4rkt. Har haft en kamp med min kropp hela \u00e5ret. Vem trodde att l\u00f6sningen skulle vara mindre tr\u00e4ning, mer spontanitet, och ro i sj\u00e4len;)\u00a0<a href=\"http:\/\/blogg.improveme.se\/emeliemattsson\/files\/2012\/05\/photo-13.jpg\"><img loading=\"lazy\" decoding=\"async\" class=\"alignnone size-full wp-image-3394\" title=\"photo-13\" src=\"http:\/\/blogg.improveme.se\/emeliemattsson\/files\/2012\/05\/photo-13.jpg\" alt=\"\" width=\"480\" height=\"640\" srcset=\"https:\/\/blogg.improveme.se\/emeliemattsson\/files\/2012\/05\/photo-13.jpg 480w, https:\/\/blogg.improveme.se\/emeliemattsson\/files\/2012\/05\/photo-13-225x300.jpg 225w\" sizes=\"auto, (max-width: 480px) 100vw, 480px\" \/><\/a><\/p>\n","protected":false},"excerpt":{"rendered":"<p>Idag blev rygg och axlar p\u00e5 Balance. \u00c4r riktigt n\u00f6jd med passet. K\u00e4nner mig ganska stark och har l\u00e4tt f\u00f6r kontakt och trycket \u00e4r som aldrig f\u00f6rr! Det \u00e4r otroligt vad lite avslappning och lite sl\u00e4pp p\u00e5 kontrollen kan g\u00f6ra f\u00f6r trycket. Nu b\u00f6rjar kroppen ge efter lite mer och har slutat med sin motkamp. &#8230; <a title=\"Rygg, axlar p\u00e5 Balance\" class=\"read-more\" href=\"https:\/\/blogg.improveme.se\/emeliemattsson\/2012\/05\/12\/rygg-axlar-pa-balance\/\" aria-label=\"L\u00e4s mer om Rygg, axlar p\u00e5 Balance\">L\u00e4s mer<\/a><\/p>\n","protected":false},"author":1715,"featured_media":0,"comment_status":"open","ping_status":"open","sticky":false,"template":"","format":"standard","meta":{"footnotes":""},"categories":[1],"tags":[],"class_list":["post-3393","post","type-post","status-publish","format-standard","hentry","category-gamlainlagg"],"_links":{"self":[{"href":"https:\/\/blogg.improveme.se\/emeliemattsson\/wp-json\/wp\/v2\/posts\/3393","targetHints":{"allow":["GET"]}}],"collection":[{"href":"https:\/\/blogg.improveme.se\/emeliemattsson\/wp-json\/wp\/v2\/posts"}],"about":[{"href":"https:\/\/blogg.improveme.se\/emeliemattsson\/wp-json\/wp\/v2\/types\/post"}],"author":[{"embeddable":true,"href":"https:\/\/blogg.improveme.se\/emeliemattsson\/wp-json\/wp\/v2\/users\/1715"}],"replies":[{"embeddable":true,"href":"https:\/\/blogg.improveme.se\/emeliemattsson\/wp-json\/wp\/v2\/comments?post=3393"}],"version-history":[{"count":0,"href":"https:\/\/blogg.improveme.se\/emeliemattsson\/wp-json\/wp\/v2\/posts\/3393\/revisions"}],"wp:attachment":[{"href":"https:\/\/blogg.improveme.se\/emeliemattsson\/wp-json\/wp\/v2\/media?parent=3393"}],"wp:term":[{"taxonomy":"category","embeddable":true,"href":"https:\/\/blogg.improveme.se\/emeliemattsson\/wp-json\/wp\/v2\/categories?post=3393"},{"taxonomy":"post_tag","embeddable":true,"href":"https:\/\/blogg.improveme.se\/emeliemattsson\/wp-json\/wp\/v2\/tags?post=3393"}],"curies":[{"name":"wp","href":"https:\/\/api.w.org\/{rel}","templated":true}]}}