{"id":340,"date":"2009-07-03T12:49:00","date_gmt":"2009-07-03T11:49:00","guid":{"rendered":"http:\/\/blogg.improveme.se\/emeliemattsson\/2009\/07\/03\/hallon-blabars-paj\/"},"modified":"2009-07-03T12:49:00","modified_gmt":"2009-07-03T11:49:00","slug":"hallon-blabars-paj","status":"publish","type":"post","link":"https:\/\/blogg.improveme.se\/emeliemattsson\/2009\/07\/03\/hallon-blabars-paj\/","title":{"rendered":"Hallon-bl\u00e5b\u00e4rs paj"},"content":{"rendered":"<p><P>H\u00e4r kommer receptet p\u00e5 <STRONG><U><FONT size=4>min hemmagjorda hallon och bl\u00e5b\u00e4rspaj<\/FONT><\/U><\/STRONG> som ni bad om. Jag lade precis in den i ugnen.<\/P><br \/>\n<P>Problemet \u00e4r bara att jag inte anv\u00e4nder mig utav m\u00e5tt n\u00e4r jag bakar. Jag bara h\u00e4ller i saker. Men&nbsp; jag kan ge ett ungef\u00e4rligt m\u00e5tt:)<\/P><br \/>\n<P>250g Bl\u00e5b\u00e4r<\/P><br \/>\n<P>250gr Hallon<\/P><br \/>\n<P>en f\u00e4rdig rullad supertunn s\u00f6t pajdeg (g\u00e5r att k\u00f6pa i vanligmataff\u00e4r)<\/P><br \/>\n<P>ca 1dl socker<\/P><br \/>\n<P>ca 2dl mj\u00f6l<\/P><br \/>\n<P>ca 250gr sm\u00f6r<\/P><br \/>\n<P>Jag anv\u00e4nder mig sedan utav den f\u00e4rdiggjorda supertunna pajbotten f\u00f6r jag tkr det blir godast s\u00e5 (botten blir lite h\u00e5rdare och l\u00e4ttare att servera). Klipper av kanterna s\u00e5 den passar min form. Sl\u00e4ng inte resterna du klipper av f\u00f6r jag anv\u00e4nder dem l\u00e4ngre fram sen:)<\/P><br \/>\n<P>Sen h\u00e4ller jag i bl\u00e5b\u00e4r och hallon i pajbotten s\u00e5 de t\u00e4cker och \u00e4r f\u00f6rdelade n\u00e5gorlunda j\u00e4mt. <\/P><br \/>\n<P>Blandar Socker,mj\u00f6l och sm\u00f6r i en sk\u00e5l s\u00e5 det blir&nbsp;lite smulit i konsestensen. \u00c4r det f\u00f6r&nbsp;vattnigt s\u00e5 tar ni mer mj\u00f6l. Sedan brer jag ut det\/smular \u00f6ver b\u00e4ren&nbsp;och sl\u00e4tar ut s\u00e5 det \u00e4r n\u00e5gorlunda j\u00e4mt.<\/P><br \/>\n<P>Sen anv\u00e4nder jag mig utav deg-resterna (fr\u00e5n den f\u00e4rdgigjorda pajdegen)&nbsp;och bildar som 3v\u00e5gr\u00e4ta och 3 lodr\u00e4ta r\u00e4nder s\u00e5 det blir som en riktig hembakad paj:)<\/P><br \/>\n<P>Det beh\u00f6ver inte vara perfekt j\u00e4mt osv f\u00f6r den ska se hembakad ut det \u00e4r det som \u00e4r charmen. <\/P><br \/>\n<P>S\u00e5h\u00e4r ser min ut innan jag stoppar den i ugnen. <\/P><br \/>\n<P><IMG src=\"http:\/\/s.improveme.se\/data\/filearchive\/34129.510x0.jpg\"><\/P><br \/>\n<P>F\u00f6rl\u00e5t men \u00e4r super d\u00e5lig p\u00e5 att f\u00f6rklara hur jag g\u00f6r saker och ting. Men hoppas ni f\u00f6rst\u00e5r. Super gott att servera med vaniljglass eller vaniljs\u00e5s till sommarfikat. <\/P><br \/>\n<P><FONT size=5>Kram och lycka till!<\/FONT><\/P> <\/p>\n","protected":false},"excerpt":{"rendered":"<p>H\u00e4r kommer receptet p\u00e5 min hemmagjorda hallon och bl\u00e5b\u00e4rspaj som ni bad om. Jag lade precis in den i ugnen. Problemet \u00e4r bara att jag inte anv\u00e4nder mig utav m\u00e5tt n\u00e4r jag bakar. Jag bara h\u00e4ller i saker. Men&nbsp; jag kan ge ett ungef\u00e4rligt m\u00e5tt:) 250g Bl\u00e5b\u00e4r 250gr Hallon en f\u00e4rdig rullad supertunn s\u00f6t pajdeg &#8230; <a title=\"Hallon-bl\u00e5b\u00e4rs paj\" class=\"read-more\" href=\"https:\/\/blogg.improveme.se\/emeliemattsson\/2009\/07\/03\/hallon-blabars-paj\/\" aria-label=\"L\u00e4s mer om Hallon-bl\u00e5b\u00e4rs paj\">L\u00e4s mer<\/a><\/p>\n","protected":false},"author":1715,"featured_media":0,"comment_status":"open","ping_status":"open","sticky":false,"template":"","format":"standard","meta":{"footnotes":""},"categories":[1],"tags":[],"class_list":["post-340","post","type-post","status-publish","format-standard","hentry","category-gamlainlagg"],"_links":{"self":[{"href":"https:\/\/blogg.improveme.se\/emeliemattsson\/wp-json\/wp\/v2\/posts\/340","targetHints":{"allow":["GET"]}}],"collection":[{"href":"https:\/\/blogg.improveme.se\/emeliemattsson\/wp-json\/wp\/v2\/posts"}],"about":[{"href":"https:\/\/blogg.improveme.se\/emeliemattsson\/wp-json\/wp\/v2\/types\/post"}],"author":[{"embeddable":true,"href":"https:\/\/blogg.improveme.se\/emeliemattsson\/wp-json\/wp\/v2\/users\/1715"}],"replies":[{"embeddable":true,"href":"https:\/\/blogg.improveme.se\/emeliemattsson\/wp-json\/wp\/v2\/comments?post=340"}],"version-history":[{"count":0,"href":"https:\/\/blogg.improveme.se\/emeliemattsson\/wp-json\/wp\/v2\/posts\/340\/revisions"}],"wp:attachment":[{"href":"https:\/\/blogg.improveme.se\/emeliemattsson\/wp-json\/wp\/v2\/media?parent=340"}],"wp:term":[{"taxonomy":"category","embeddable":true,"href":"https:\/\/blogg.improveme.se\/emeliemattsson\/wp-json\/wp\/v2\/categories?post=340"},{"taxonomy":"post_tag","embeddable":true,"href":"https:\/\/blogg.improveme.se\/emeliemattsson\/wp-json\/wp\/v2\/tags?post=340"}],"curies":[{"name":"wp","href":"https:\/\/api.w.org\/{rel}","templated":true}]}}