{"id":3409,"date":"2012-05-13T10:14:07","date_gmt":"2012-05-13T08:14:07","guid":{"rendered":"http:\/\/blogg.improveme.se\/emeliemattsson\/?p=3409"},"modified":"2012-05-13T10:14:07","modified_gmt":"2012-05-13T08:14:07","slug":"majjuni-pt-paket","status":"publish","type":"post","link":"https:\/\/blogg.improveme.se\/emeliemattsson\/2012\/05\/13\/majjuni-pt-paket\/","title":{"rendered":"Maj\/Juni PT paket"},"content":{"rendered":"<p>Det h\u00e4r erbjudandet f\u00e5r ni INTE missa. Fram till och med sista juni s\u00e5 k\u00f6r jag m\u00e5nadspaket. Ett m\u00e5nads paket g\u00e5r ut p\u00e5 att du tr\u00e4nar med mig 2g\u00e5nger i veckan i 1m\u00e5nads tid. Du f\u00e5r d\u00e5 ett b\u00e4ttre timpris, men m\u00e5ste d\u00e5 h\u00e5lla dessa 2dgr i veckan (annars faller g\u00e5ngerna bort).<\/p>\n<h1><span style=\"color: #ff0000;\"><strong>1m\u00e5nads PT 2ggr i veckan 5000kr<\/strong><\/span><\/h1>\n<p>DETTA \u00c4R ETT PERFEKT MOTIVATIONSPAKET f\u00f6r att h\u00e5lla ig\u00e5ng tr\u00e4ningen innan sommaren. Det finns inga jag orkar inte eller jag kan inte. 2ggr iveckan i en m\u00e5nads tid. Under denna tid kan det h\u00e4nda mycket:) Vi g\u00e5r tillsammans igenom ett passande uppl\u00e4gg f\u00f6r att anpassa tr\u00e4ningen efter dina m\u00e5l!<\/p>\n<p><a href=\"http:\/\/blogg.improveme.se\/emeliemattsson\/files\/2012\/05\/20120324-1153112.jpg\"><img loading=\"lazy\" decoding=\"async\" class=\"alignnone size-full wp-image-3410\" title=\"20120324-1153112\" src=\"http:\/\/blogg.improveme.se\/emeliemattsson\/files\/2012\/05\/20120324-1153112.jpg\" alt=\"\" width=\"400\" height=\"600\" srcset=\"https:\/\/blogg.improveme.se\/emeliemattsson\/files\/2012\/05\/20120324-1153112.jpg 400w, https:\/\/blogg.improveme.se\/emeliemattsson\/files\/2012\/05\/20120324-1153112-200x300.jpg 200w\" sizes=\"auto, (max-width: 400px) 100vw, 400px\" \/><\/a><\/p>\n<p>Maila mig f\u00f6r intresse: emelie.mh.mattsson@gmail.com<\/p>\n","protected":false},"excerpt":{"rendered":"<p>Det h\u00e4r erbjudandet f\u00e5r ni INTE missa. Fram till och med sista juni s\u00e5 k\u00f6r jag m\u00e5nadspaket. Ett m\u00e5nads paket g\u00e5r ut p\u00e5 att du tr\u00e4nar med mig 2g\u00e5nger i veckan i 1m\u00e5nads tid. Du f\u00e5r d\u00e5 ett b\u00e4ttre timpris, men m\u00e5ste d\u00e5 h\u00e5lla dessa 2dgr i veckan (annars faller g\u00e5ngerna bort). 1m\u00e5nads PT 2ggr &#8230; <a title=\"Maj\/Juni PT paket\" class=\"read-more\" href=\"https:\/\/blogg.improveme.se\/emeliemattsson\/2012\/05\/13\/majjuni-pt-paket\/\" aria-label=\"L\u00e4s mer om Maj\/Juni PT paket\">L\u00e4s mer<\/a><\/p>\n","protected":false},"author":1715,"featured_media":0,"comment_status":"open","ping_status":"open","sticky":false,"template":"","format":"standard","meta":{"footnotes":""},"categories":[1],"tags":[],"class_list":["post-3409","post","type-post","status-publish","format-standard","hentry","category-gamlainlagg"],"_links":{"self":[{"href":"https:\/\/blogg.improveme.se\/emeliemattsson\/wp-json\/wp\/v2\/posts\/3409","targetHints":{"allow":["GET"]}}],"collection":[{"href":"https:\/\/blogg.improveme.se\/emeliemattsson\/wp-json\/wp\/v2\/posts"}],"about":[{"href":"https:\/\/blogg.improveme.se\/emeliemattsson\/wp-json\/wp\/v2\/types\/post"}],"author":[{"embeddable":true,"href":"https:\/\/blogg.improveme.se\/emeliemattsson\/wp-json\/wp\/v2\/users\/1715"}],"replies":[{"embeddable":true,"href":"https:\/\/blogg.improveme.se\/emeliemattsson\/wp-json\/wp\/v2\/comments?post=3409"}],"version-history":[{"count":0,"href":"https:\/\/blogg.improveme.se\/emeliemattsson\/wp-json\/wp\/v2\/posts\/3409\/revisions"}],"wp:attachment":[{"href":"https:\/\/blogg.improveme.se\/emeliemattsson\/wp-json\/wp\/v2\/media?parent=3409"}],"wp:term":[{"taxonomy":"category","embeddable":true,"href":"https:\/\/blogg.improveme.se\/emeliemattsson\/wp-json\/wp\/v2\/categories?post=3409"},{"taxonomy":"post_tag","embeddable":true,"href":"https:\/\/blogg.improveme.se\/emeliemattsson\/wp-json\/wp\/v2\/tags?post=3409"}],"curies":[{"name":"wp","href":"https:\/\/api.w.org\/{rel}","templated":true}]}}