{"id":3430,"date":"2012-05-14T16:50:09","date_gmt":"2012-05-14T14:50:09","guid":{"rendered":"http:\/\/blogg.improveme.se\/emeliemattsson\/?p=3430"},"modified":"2012-05-14T16:50:09","modified_gmt":"2012-05-14T14:50:09","slug":"hydrafacial-acnespecialisten-se","status":"publish","type":"post","link":"https:\/\/blogg.improveme.se\/emeliemattsson\/2012\/05\/14\/hydrafacial-acnespecialisten-se\/","title":{"rendered":"Hydrafacial &#8211; Acnespecialisten.se"},"content":{"rendered":"<p>Idag var jag p\u00e5 min f\u00f6rsta behandling hos <a href=\"http:\/\/acnespecialisten.se\" target=\"_blank\">Acnespecialisten<\/a>.<\/p>\n<p>Jag tr\u00e4ffade <span style=\"text-decoration: underline;\"><strong>Caroline<\/strong><\/span> som hj\u00e4lpte mig att analysera huden och skr\u00e4ddarsy en behandling som hon ans\u00e5g passade min hudtyp. Eftersom att jag tr\u00e4nar mycket och tv\u00e4ttar mitt ansikte flera g\u00e5nger om dagen s\u00e5 \u00e4r min hy ganska s\u00e5 torr. Jag har en fet t-zon och gl\u00f6mmer d\u00e4rf\u00f6r att \u00e5terfukta min hy (eftersom att jag blir lurad och tror att den \u00e4r fet)<\/p>\n<p><em>Caroline gjorde en hydrafacial med olika v\u00e5tslipar som vi tillf\u00f6rde huden med olika slags serum. Hon anv\u00e4nde en reng\u00f6ring som inneh\u00f6ll Mj\u00f6lksyra, Glukosamin samt botaniska extrakt. Sedan anv\u00e4nde hon \u00e4ven en syra med 30% glykolsyra samt 1,5% salicylsyra med ett munstycke f\u00f6r att f\u00e5 en kemisk peeling samt en mekanisk exfoliering. Jag fick sedan en grundlig porreng\u00f6ring, och en lugnande \/desinficerande mask. Avslutningsvis k\u00f6rde vi ett Antioxidant serum med A,E vitamin och hyaluronsyra f\u00f6r att avsluta behandlingen med mycket fukt och f\u00f6r att ge huden lyster och livfullhet.<\/em><\/p>\n<h1>L\u00e4s mer om Hydrafacial <a href=\"http:\/\/acnespecialisten.se\/hydrafacial.html\" target=\"_blank\">h\u00e4r<\/a><\/h1>\n<p><strong>Jag m\u00e5ste ge kliniken 5\/5. <span style=\"color: #00ff00;\">Supertrevlig personal, ljust och fr\u00e4sht och nog den grundligaste ansiktsbehandling jag f\u00e5tt n\u00e5gonsin!<\/span><\/strong> Normalt n\u00e4r jag har g\u00e5tt p\u00e5 porreng\u00f6ring s\u00e5 k\u00e4nns det som att de inte g\u00f6r det grundligt men Caroline gick verkligen igenom huden ordentligt. Mitt ansikte k\u00e4ndes som nytt efter\u00e5t:)<a href=\"http:\/\/blogg.improveme.se\/emeliemattsson\/files\/2012\/05\/photo-26.jpg\"><img loading=\"lazy\" decoding=\"async\" class=\"alignnone size-full wp-image-3431\" title=\"photo-26\" src=\"http:\/\/blogg.improveme.se\/emeliemattsson\/files\/2012\/05\/photo-26.jpg\" alt=\"\" width=\"640\" height=\"480\" srcset=\"https:\/\/blogg.improveme.se\/emeliemattsson\/files\/2012\/05\/photo-26.jpg 640w, https:\/\/blogg.improveme.se\/emeliemattsson\/files\/2012\/05\/photo-26-300x225.jpg 300w\" sizes=\"auto, (max-width: 640px) 100vw, 640px\" \/><\/a><\/p>\n<p><a href=\"http:\/\/blogg.improveme.se\/emeliemattsson\/files\/2012\/05\/photo-27.jpg\"><img loading=\"lazy\" decoding=\"async\" class=\"alignnone size-full wp-image-3432\" title=\"photo-27\" src=\"http:\/\/blogg.improveme.se\/emeliemattsson\/files\/2012\/05\/photo-27.jpg\" alt=\"\" width=\"640\" height=\"480\" srcset=\"https:\/\/blogg.improveme.se\/emeliemattsson\/files\/2012\/05\/photo-27.jpg 640w, https:\/\/blogg.improveme.se\/emeliemattsson\/files\/2012\/05\/photo-27-300x225.jpg 300w\" sizes=\"auto, (max-width: 640px) 100vw, 640px\" \/><\/a><\/p>\n<p>Jag ska \u00e4ven prova deras hudv\u00e5rdsserie som de s\u00e4ljer p\u00e5 deras hemsida, \u00e5terkommer mer om detta.<\/p>\n<p>Adress<br \/>\nAcneSpecialisten AB<br \/>\nKarlav\u00e4gen 36<br \/>\n114 49 Stockholm<\/p>\n<p>Telefon: 08 &#8211; 661 74 09<br \/>\nE-post:\u00a0<a href=\"mailto:karlavagen@acnespecialisten.se\">karlavagen@acnespecialisten.se<\/a><\/p>\n","protected":false},"excerpt":{"rendered":"<p>Idag var jag p\u00e5 min f\u00f6rsta behandling hos Acnespecialisten. Jag tr\u00e4ffade Caroline som hj\u00e4lpte mig att analysera huden och skr\u00e4ddarsy en behandling som hon ans\u00e5g passade min hudtyp. Eftersom att jag tr\u00e4nar mycket och tv\u00e4ttar mitt ansikte flera g\u00e5nger om dagen s\u00e5 \u00e4r min hy ganska s\u00e5 torr. Jag har en fet t-zon och gl\u00f6mmer &#8230; <a title=\"Hydrafacial &#8211; Acnespecialisten.se\" class=\"read-more\" href=\"https:\/\/blogg.improveme.se\/emeliemattsson\/2012\/05\/14\/hydrafacial-acnespecialisten-se\/\" aria-label=\"L\u00e4s mer om Hydrafacial &#8211; Acnespecialisten.se\">L\u00e4s mer<\/a><\/p>\n","protected":false},"author":1715,"featured_media":0,"comment_status":"open","ping_status":"open","sticky":false,"template":"","format":"standard","meta":{"footnotes":""},"categories":[1],"tags":[],"class_list":["post-3430","post","type-post","status-publish","format-standard","hentry","category-gamlainlagg"],"_links":{"self":[{"href":"https:\/\/blogg.improveme.se\/emeliemattsson\/wp-json\/wp\/v2\/posts\/3430","targetHints":{"allow":["GET"]}}],"collection":[{"href":"https:\/\/blogg.improveme.se\/emeliemattsson\/wp-json\/wp\/v2\/posts"}],"about":[{"href":"https:\/\/blogg.improveme.se\/emeliemattsson\/wp-json\/wp\/v2\/types\/post"}],"author":[{"embeddable":true,"href":"https:\/\/blogg.improveme.se\/emeliemattsson\/wp-json\/wp\/v2\/users\/1715"}],"replies":[{"embeddable":true,"href":"https:\/\/blogg.improveme.se\/emeliemattsson\/wp-json\/wp\/v2\/comments?post=3430"}],"version-history":[{"count":0,"href":"https:\/\/blogg.improveme.se\/emeliemattsson\/wp-json\/wp\/v2\/posts\/3430\/revisions"}],"wp:attachment":[{"href":"https:\/\/blogg.improveme.se\/emeliemattsson\/wp-json\/wp\/v2\/media?parent=3430"}],"wp:term":[{"taxonomy":"category","embeddable":true,"href":"https:\/\/blogg.improveme.se\/emeliemattsson\/wp-json\/wp\/v2\/categories?post=3430"},{"taxonomy":"post_tag","embeddable":true,"href":"https:\/\/blogg.improveme.se\/emeliemattsson\/wp-json\/wp\/v2\/tags?post=3430"}],"curies":[{"name":"wp","href":"https:\/\/api.w.org\/{rel}","templated":true}]}}