{"id":345,"date":"2009-07-05T14:25:00","date_gmt":"2009-07-05T13:25:00","guid":{"rendered":"http:\/\/blogg.improveme.se\/emeliemattsson\/2009\/07\/05\/min-powerwalk-runda\/"},"modified":"2009-07-05T14:25:00","modified_gmt":"2009-07-05T13:25:00","slug":"min-powerwalk-runda","status":"publish","type":"post","link":"https:\/\/blogg.improveme.se\/emeliemattsson\/2009\/07\/05\/min-powerwalk-runda\/","title":{"rendered":"Min powerwalk runda."},"content":{"rendered":"<p><P>Jag pratar ju ganska ofta om att jag varit p\u00e5 powerwalk. S\u00e5 idag tog jag lite bilder f\u00f6r att visa er <STRONG><FONT size=5>min favorit slinga<\/FONT><\/STRONG> som jag brukar g\u00e5\/springa p\u00e5 morgonen. S\u00e5 att ni kan f\u00e5 en bild av hur det ser ut h\u00e4r:)<\/P><br \/>\n<P><IMG src=\"http:\/\/s.improveme.se\/data\/filearchive\/34424.510x0.jpg\"><\/P><br \/>\n<P>Det \u00e4r s\u00e5 fantastiskt vackert h\u00e4r. Som ni kan se s\u00e5 f\u00f6ljer slingan havet hela v\u00e4gen. Man g\u00e5r l\u00e4ngst Franska kusten. Slingan tar ca 25min dit och 25min hem. Springer man s\u00e5 tar det 17min dit och 17 hem. <\/P><br \/>\n<P><IMG src=\"http:\/\/s.improveme.se\/data\/filearchive\/34422.510x0.jpg\"><\/P><br \/>\n<P>Man startar nere i Fontvieille precis vid gr\u00e4nsen d\u00e4r Monaco slutar och blir Frankrike. Just det h\u00e4r omr\u00e5det hete <STRONG>Cap d&#8217;ail<\/STRONG>.<\/P><br \/>\n<P>L\u00e4ngst slingan s\u00e5 \u00e4r det perfekt f\u00f6r snorkling och l\u00e5gvattens fiske. Vattnet \u00e4r turkost!<\/P><br \/>\n<P><IMG src=\"http:\/\/s.improveme.se\/data\/filearchive\/34423.510x0.jpg\">&nbsp; <IMG src=\"http:\/\/s.improveme.se\/data\/filearchive\/34425.510x0.jpg\"> <\/P><br \/>\n<P>S\u00e5 med andra ord. \u00c4r ni h\u00e4r och bes\u00f6ker Monaco s\u00e5 finns det ingen urs\u00e4kt f\u00f6r att inte tr\u00e4na. Kanske att det \u00e4r varmt som en bastu men finns duschar under v\u00e4gen ocks\u00e5 s\u00e5 det \u00e4r perfekt:)<\/P><br \/>\n<P>Kram<\/P><\/p>\n","protected":false},"excerpt":{"rendered":"<p>Jag pratar ju ganska ofta om att jag varit p\u00e5 powerwalk. S\u00e5 idag tog jag lite bilder f\u00f6r att visa er min favorit slinga som jag brukar g\u00e5\/springa p\u00e5 morgonen. S\u00e5 att ni kan f\u00e5 en bild av hur det ser ut h\u00e4r:) Det \u00e4r s\u00e5 fantastiskt vackert h\u00e4r. Som ni kan se s\u00e5 f\u00f6ljer &#8230; <a title=\"Min powerwalk runda.\" class=\"read-more\" href=\"https:\/\/blogg.improveme.se\/emeliemattsson\/2009\/07\/05\/min-powerwalk-runda\/\" aria-label=\"L\u00e4s mer om Min powerwalk runda.\">L\u00e4s mer<\/a><\/p>\n","protected":false},"author":1715,"featured_media":0,"comment_status":"open","ping_status":"open","sticky":false,"template":"","format":"standard","meta":{"footnotes":""},"categories":[1],"tags":[],"class_list":["post-345","post","type-post","status-publish","format-standard","hentry","category-gamlainlagg"],"_links":{"self":[{"href":"https:\/\/blogg.improveme.se\/emeliemattsson\/wp-json\/wp\/v2\/posts\/345","targetHints":{"allow":["GET"]}}],"collection":[{"href":"https:\/\/blogg.improveme.se\/emeliemattsson\/wp-json\/wp\/v2\/posts"}],"about":[{"href":"https:\/\/blogg.improveme.se\/emeliemattsson\/wp-json\/wp\/v2\/types\/post"}],"author":[{"embeddable":true,"href":"https:\/\/blogg.improveme.se\/emeliemattsson\/wp-json\/wp\/v2\/users\/1715"}],"replies":[{"embeddable":true,"href":"https:\/\/blogg.improveme.se\/emeliemattsson\/wp-json\/wp\/v2\/comments?post=345"}],"version-history":[{"count":0,"href":"https:\/\/blogg.improveme.se\/emeliemattsson\/wp-json\/wp\/v2\/posts\/345\/revisions"}],"wp:attachment":[{"href":"https:\/\/blogg.improveme.se\/emeliemattsson\/wp-json\/wp\/v2\/media?parent=345"}],"wp:term":[{"taxonomy":"category","embeddable":true,"href":"https:\/\/blogg.improveme.se\/emeliemattsson\/wp-json\/wp\/v2\/categories?post=345"},{"taxonomy":"post_tag","embeddable":true,"href":"https:\/\/blogg.improveme.se\/emeliemattsson\/wp-json\/wp\/v2\/tags?post=345"}],"curies":[{"name":"wp","href":"https:\/\/api.w.org\/{rel}","templated":true}]}}