{"id":3513,"date":"2012-05-20T15:14:52","date_gmt":"2012-05-20T13:14:52","guid":{"rendered":"http:\/\/blogg.improveme.se\/emeliemattsson\/?p=3513"},"modified":"2012-05-20T15:14:52","modified_gmt":"2012-05-20T13:14:52","slug":"underbar-helg","status":"publish","type":"post","link":"https:\/\/blogg.improveme.se\/emeliemattsson\/2012\/05\/20\/underbar-helg\/","title":{"rendered":"Underbar helg!"},"content":{"rendered":"<p>Vilket underbart v\u00e4der vi har haft i helgen. Efter att jag k\u00f6rt S till jobbet s\u00e5 \u00e5kte jag och Lirreman hem till S farfar och satte oss ute p\u00e5 verandan. Lirre somnade p\u00e5 gr\u00e4smattan medan vi slappade i solen i 2timmar och bara tog det lugnt. Sen stod handla p\u00e5 schemat:) Vi kom precis hem och v\u00e5r inneg\u00e5rd \u00e4r helt fullproppat med folk som ligger och solar. \u00a0Tycker det ser s\u00e5 konstigt ut:) Jag f\u00f6redrar hus s\u00e5 mkt mer \u00e4n l\u00e4genhet. Jag ska \u00f6vertala S att vi borde k\u00f6pa ett hus ist\u00e4llet:P Skulle jag f\u00e5 v\u00e4lja s\u00e5 skulle vi bo granne med hans pappa men vet inte om S tkr det \u00e4r s\u00e5 bra id\u00e9:)\u00a0<img loading=\"lazy\" decoding=\"async\" class=\"alignnone size-full wp-image-3514\" title=\"bild-9\" src=\"http:\/\/blogg.improveme.se\/emeliemattsson\/files\/2012\/05\/bild-9.jpg\" alt=\"\" width=\"640\" height=\"480\" srcset=\"https:\/\/blogg.improveme.se\/emeliemattsson\/files\/2012\/05\/bild-9.jpg 640w, https:\/\/blogg.improveme.se\/emeliemattsson\/files\/2012\/05\/bild-9-300x225.jpg 300w\" sizes=\"auto, (max-width: 640px) 100vw, 640px\" \/><\/p>\n<p>Ska fixa lite h\u00e4r hemma sen ska jag \u00e5ka ut till mamma p\u00e5 landet. Njut av det h\u00e4rliga v\u00e4dret! Kram kram<\/p>\n","protected":false},"excerpt":{"rendered":"<p>Vilket underbart v\u00e4der vi har haft i helgen. Efter att jag k\u00f6rt S till jobbet s\u00e5 \u00e5kte jag och Lirreman hem till S farfar och satte oss ute p\u00e5 verandan. Lirre somnade p\u00e5 gr\u00e4smattan medan vi slappade i solen i 2timmar och bara tog det lugnt. Sen stod handla p\u00e5 schemat:) Vi kom precis hem &#8230; <a title=\"Underbar helg!\" class=\"read-more\" href=\"https:\/\/blogg.improveme.se\/emeliemattsson\/2012\/05\/20\/underbar-helg\/\" aria-label=\"L\u00e4s mer om Underbar helg!\">L\u00e4s mer<\/a><\/p>\n","protected":false},"author":1715,"featured_media":0,"comment_status":"open","ping_status":"open","sticky":false,"template":"","format":"standard","meta":{"footnotes":""},"categories":[1],"tags":[],"class_list":["post-3513","post","type-post","status-publish","format-standard","hentry","category-gamlainlagg"],"_links":{"self":[{"href":"https:\/\/blogg.improveme.se\/emeliemattsson\/wp-json\/wp\/v2\/posts\/3513","targetHints":{"allow":["GET"]}}],"collection":[{"href":"https:\/\/blogg.improveme.se\/emeliemattsson\/wp-json\/wp\/v2\/posts"}],"about":[{"href":"https:\/\/blogg.improveme.se\/emeliemattsson\/wp-json\/wp\/v2\/types\/post"}],"author":[{"embeddable":true,"href":"https:\/\/blogg.improveme.se\/emeliemattsson\/wp-json\/wp\/v2\/users\/1715"}],"replies":[{"embeddable":true,"href":"https:\/\/blogg.improveme.se\/emeliemattsson\/wp-json\/wp\/v2\/comments?post=3513"}],"version-history":[{"count":0,"href":"https:\/\/blogg.improveme.se\/emeliemattsson\/wp-json\/wp\/v2\/posts\/3513\/revisions"}],"wp:attachment":[{"href":"https:\/\/blogg.improveme.se\/emeliemattsson\/wp-json\/wp\/v2\/media?parent=3513"}],"wp:term":[{"taxonomy":"category","embeddable":true,"href":"https:\/\/blogg.improveme.se\/emeliemattsson\/wp-json\/wp\/v2\/categories?post=3513"},{"taxonomy":"post_tag","embeddable":true,"href":"https:\/\/blogg.improveme.se\/emeliemattsson\/wp-json\/wp\/v2\/tags?post=3513"}],"curies":[{"name":"wp","href":"https:\/\/api.w.org\/{rel}","templated":true}]}}