{"id":3517,"date":"2012-05-20T20:07:12","date_gmt":"2012-05-20T18:07:12","guid":{"rendered":"http:\/\/blogg.improveme.se\/emeliemattsson\/?p=3517"},"modified":"2012-05-20T20:07:12","modified_gmt":"2012-05-20T18:07:12","slug":"min-hudvard-care-plus","status":"publish","type":"post","link":"https:\/\/blogg.improveme.se\/emeliemattsson\/2012\/05\/20\/min-hudvard-care-plus\/","title":{"rendered":"Min hudv\u00e5rd &#8211; Care Plus"},"content":{"rendered":"<p>Detta anv\u00e4nder jag till min hy. Jag har blivit rekommenderad dessa produkter utav <a href=\"http:\/\/www.acnespecialisten.se\" target=\"_blank\">Acnespecialisten<\/a> och \u00e4r j\u00e4tten\u00f6jd med dessa. Det b\u00f6rjade med att jag var p\u00e5 en porreng\u00f6ring hos dem och k\u00e4nde mig s\u00e5 otroligt ren och fr\u00e4sh i hyn efter denna. Jag har g\u00e5tt till flertal st\u00e4llen och de flesta produkter f\u00e5r mig att k\u00e4nna mig fet eller glansig i hyn. Dessa k\u00e4ndes bara r\u00e4tt med detsamma. Jag fr\u00e5gade d\u00e5 och ville veta mer om dessa produkter och de ber\u00e4ttade att man kan k\u00f6pa dessa p\u00e5 deras hemsida. Jag har en blandhy och anv\u00e4nder d\u00e4rf\u00f6r produkter som passar min hudtyp.<\/p>\n<p><a href=\"http:\/\/blogg.improveme.se\/emeliemattsson\/files\/2012\/05\/lattacnerosaceasvareborreporighy4.jpg\"><img loading=\"lazy\" decoding=\"async\" title=\"lattacnerosaceasvareborreporighy4\" src=\"http:\/\/blogg.improveme.se\/emeliemattsson\/files\/2012\/05\/lattacnerosaceasvareborreporighy4.jpg\" alt=\"\" width=\"270\" height=\"254\" \/><\/a><\/p>\n<p>Jag har en sk blandhy. Min hy blir l\u00e4tt glansig i T-zonen men \u00e4r pga att jag tv\u00e4ttar mig v\u00e4ldigt ofta (pga tr\u00e4ning) v\u00e4ldigt torr.<\/p>\n<p>M\u00e4rker heter <span style=\"text-decoration: underline;\"><strong><a href=\"http:\/\/www.buybymarcus.se\/eshop\/\" target=\"_blank\">Care Plus<\/a> <\/strong><\/span>och jag anv\u00e4nder\u00a0reng\u00f6ring, peeling\u00a0och\u00a0\u00e5terfuktande\/n\u00e4ring fr\u00e5n detta m\u00e4rke.<\/p>\n<div>\n<div><span style=\"text-decoration: underline;\"><strong>Complexion Cleanser\u00a0<\/strong><\/span><\/div>\n<\/div>\n<div>En l\u00e4tt peelingtv\u00e4tt som inneh\u00e5ller microkorn. Tv\u00e4ttar bort d\u00f6da hudceller och bakterier p\u00e5 hudytan. Behandlar\u00a0acnen genom att l\u00f6sa upp tillt\u00e4ppta porer med hj\u00e4lp av den aktiva ingrediensen 2,5 % benzoyl peroxide.<\/div>\n<div><\/div>\n<div><span style=\"text-decoration: underline;\"><strong>Moisture Complex Cream<\/strong><\/span><\/div>\n<div>\u00c5terfuktande dagkr\u00e4m som hj\u00e4lper huden att reparera och revitalisera din hy. Denna fuktkr\u00e4m med dess unika kombination av mjukg\u00f6rande och fuktighetsgivande \u00e4mnen ger n\u00e4ring till huden och skapar ett skyddande lager mot smuts.<\/div>\n<div>\n<div><\/div>\n<\/div>\n<div><span style=\"text-decoration: underline;\"><strong>Calming Sulfur Mask<\/strong><\/span><\/div>\n<p>Aromatisk medicinerad mask inneh\u00e5ller eukalyptus, sulfur och renad lera som peelar bort d\u00f6da hudceller och f\u00f6rnyar huden. L\u00f6ser upp tillt\u00e4ppta porer och d\u00e4mpar rodnad.<\/p>\n<p><span style=\"text-decoration: underline;\"><strong>Moisture Night Cream<\/strong><\/span><\/p>\n<p>En lyxig nattkr\u00e4m som \u00e5terfuktar huden under hela natten. Speciellt utformad med kraftigt \u00e5terfuktande och mjukg\u00f6rande ingredienser som frig\u00f6rs i huden under natten.<\/p>\n<p><a href=\"http:\/\/blogg.improveme.se\/emeliemattsson\/files\/2012\/05\/lattacnerosaceasvareborreporighy4.jpg\"><img loading=\"lazy\" decoding=\"async\" class=\"alignnone size-full wp-image-3518\" title=\"lattacnerosaceasvareborreporighy4\" src=\"http:\/\/blogg.improveme.se\/emeliemattsson\/files\/2012\/05\/lattacnerosaceasvareborreporighy4.jpg\" alt=\"\" width=\"270\" height=\"254\" \/><\/a><\/p>\n<p>L\u00e4s mer om produkterna <a href=\"http:\/\/acnespecialisten.se\/produkter.html\" target=\"_blank\">H\u00c4R<\/a><\/p>\n<p>&nbsp;<\/p>\n","protected":false},"excerpt":{"rendered":"<p>Detta anv\u00e4nder jag till min hy. Jag har blivit rekommenderad dessa produkter utav Acnespecialisten och \u00e4r j\u00e4tten\u00f6jd med dessa. Det b\u00f6rjade med att jag var p\u00e5 en porreng\u00f6ring hos dem och k\u00e4nde mig s\u00e5 otroligt ren och fr\u00e4sh i hyn efter denna. Jag har g\u00e5tt till flertal st\u00e4llen och de flesta produkter f\u00e5r mig att &#8230; <a title=\"Min hudv\u00e5rd &#8211; Care Plus\" class=\"read-more\" href=\"https:\/\/blogg.improveme.se\/emeliemattsson\/2012\/05\/20\/min-hudvard-care-plus\/\" aria-label=\"L\u00e4s mer om Min hudv\u00e5rd &#8211; Care Plus\">L\u00e4s mer<\/a><\/p>\n","protected":false},"author":1715,"featured_media":0,"comment_status":"open","ping_status":"open","sticky":false,"template":"","format":"standard","meta":{"footnotes":""},"categories":[1],"tags":[],"class_list":["post-3517","post","type-post","status-publish","format-standard","hentry","category-gamlainlagg"],"_links":{"self":[{"href":"https:\/\/blogg.improveme.se\/emeliemattsson\/wp-json\/wp\/v2\/posts\/3517","targetHints":{"allow":["GET"]}}],"collection":[{"href":"https:\/\/blogg.improveme.se\/emeliemattsson\/wp-json\/wp\/v2\/posts"}],"about":[{"href":"https:\/\/blogg.improveme.se\/emeliemattsson\/wp-json\/wp\/v2\/types\/post"}],"author":[{"embeddable":true,"href":"https:\/\/blogg.improveme.se\/emeliemattsson\/wp-json\/wp\/v2\/users\/1715"}],"replies":[{"embeddable":true,"href":"https:\/\/blogg.improveme.se\/emeliemattsson\/wp-json\/wp\/v2\/comments?post=3517"}],"version-history":[{"count":0,"href":"https:\/\/blogg.improveme.se\/emeliemattsson\/wp-json\/wp\/v2\/posts\/3517\/revisions"}],"wp:attachment":[{"href":"https:\/\/blogg.improveme.se\/emeliemattsson\/wp-json\/wp\/v2\/media?parent=3517"}],"wp:term":[{"taxonomy":"category","embeddable":true,"href":"https:\/\/blogg.improveme.se\/emeliemattsson\/wp-json\/wp\/v2\/categories?post=3517"},{"taxonomy":"post_tag","embeddable":true,"href":"https:\/\/blogg.improveme.se\/emeliemattsson\/wp-json\/wp\/v2\/tags?post=3517"}],"curies":[{"name":"wp","href":"https:\/\/api.w.org\/{rel}","templated":true}]}}