{"id":37,"date":"2009-07-01T16:17:00","date_gmt":"2009-07-01T15:17:00","guid":{"rendered":"http:\/\/blogg.improveme.se\/emeliemattsson\/2009\/07\/01\/varfor-just-varat-land\/"},"modified":"2009-07-01T16:17:00","modified_gmt":"2009-07-01T15:17:00","slug":"varfor-just-varat-land","status":"publish","type":"post","link":"https:\/\/blogg.improveme.se\/emeliemattsson\/2009\/07\/01\/varfor-just-varat-land\/","title":{"rendered":"Varf\u00f6r just v\u00e5rat land?"},"content":{"rendered":"<p><P>Monaco \u00e4r ett land p\u00e5 1,9km2. Det \u00e4r allts\u00e5 mindre en hela \u00f6stermalm. N\u00e4stan mindre en ett l\u00e5ngvarv runt djurg\u00e5rden.<\/P><br \/>\n<P>Hur kan det d\u00e5 komma sig att vi ALLTID ska ha dessa stora events som drar en massa turister. S\u00e5som Grand Prix F1, Rolex Tennis tour, GP horse jumping eller Tour de France starten. Vi f\u00e5r inte plats i v\u00e5rt eget land! Jag blir galen. Det finns inga lediga solstolar p\u00e5 stranden. Man kan inte ta sig fram i trafiken. Det \u00e4r km l\u00e5nga k\u00f6er inne p\u00e5 supermarketen och de plockar ocks\u00e5 alla bra rea plagg i v\u00e5ra butiker. Ska vi beh\u00f6va \u00e5ka iv\u00e4g under dessa events f\u00f6r att vi inte f\u00e5r plats??<\/P><br \/>\n<P>Varf\u00f6r just detta lilla land? Varf\u00f6r kan ni inte v\u00e4lja Frankrike eller Italien som \u00e4r s\u00e5 mkt st\u00f6rre.<\/P><br \/>\n<P>Suck&#8230;<\/P><br \/>\n<P>&nbsp;<\/P><\/p>\n","protected":false},"excerpt":{"rendered":"<p>Monaco \u00e4r ett land p\u00e5 1,9km2. Det \u00e4r allts\u00e5 mindre en hela \u00f6stermalm. N\u00e4stan mindre en ett l\u00e5ngvarv runt djurg\u00e5rden. Hur kan det d\u00e5 komma sig att vi ALLTID ska ha dessa stora events som drar en massa turister. S\u00e5som Grand Prix F1, Rolex Tennis tour, GP horse jumping eller Tour de France starten. Vi &#8230; <a title=\"Varf\u00f6r just v\u00e5rat land?\" class=\"read-more\" href=\"https:\/\/blogg.improveme.se\/emeliemattsson\/2009\/07\/01\/varfor-just-varat-land\/\" aria-label=\"L\u00e4s mer om Varf\u00f6r just v\u00e5rat land?\">L\u00e4s mer<\/a><\/p>\n","protected":false},"author":1715,"featured_media":0,"comment_status":"open","ping_status":"open","sticky":false,"template":"","format":"standard","meta":{"footnotes":""},"categories":[1],"tags":[],"class_list":["post-37","post","type-post","status-publish","format-standard","hentry","category-gamlainlagg"],"_links":{"self":[{"href":"https:\/\/blogg.improveme.se\/emeliemattsson\/wp-json\/wp\/v2\/posts\/37","targetHints":{"allow":["GET"]}}],"collection":[{"href":"https:\/\/blogg.improveme.se\/emeliemattsson\/wp-json\/wp\/v2\/posts"}],"about":[{"href":"https:\/\/blogg.improveme.se\/emeliemattsson\/wp-json\/wp\/v2\/types\/post"}],"author":[{"embeddable":true,"href":"https:\/\/blogg.improveme.se\/emeliemattsson\/wp-json\/wp\/v2\/users\/1715"}],"replies":[{"embeddable":true,"href":"https:\/\/blogg.improveme.se\/emeliemattsson\/wp-json\/wp\/v2\/comments?post=37"}],"version-history":[{"count":0,"href":"https:\/\/blogg.improveme.se\/emeliemattsson\/wp-json\/wp\/v2\/posts\/37\/revisions"}],"wp:attachment":[{"href":"https:\/\/blogg.improveme.se\/emeliemattsson\/wp-json\/wp\/v2\/media?parent=37"}],"wp:term":[{"taxonomy":"category","embeddable":true,"href":"https:\/\/blogg.improveme.se\/emeliemattsson\/wp-json\/wp\/v2\/categories?post=37"},{"taxonomy":"post_tag","embeddable":true,"href":"https:\/\/blogg.improveme.se\/emeliemattsson\/wp-json\/wp\/v2\/tags?post=37"}],"curies":[{"name":"wp","href":"https:\/\/api.w.org\/{rel}","templated":true}]}}