{"id":4185,"date":"2012-08-02T18:28:34","date_gmt":"2012-08-02T16:28:34","guid":{"rendered":"http:\/\/blogg.improveme.se\/emeliemattsson\/?p=4185"},"modified":"2012-08-02T18:28:34","modified_gmt":"2012-08-02T16:28:34","slug":"franforlangning-fore-efter-bilder","status":"publish","type":"post","link":"https:\/\/blogg.improveme.se\/emeliemattsson\/2012\/08\/02\/franforlangning-fore-efter-bilder\/","title":{"rendered":"Franf\u00f6rl\u00e4ngning f\u00f6re efter bilder"},"content":{"rendered":"<p>Idag var jag hos Jenny och fyllde p\u00e5 fransarna. Jag har vilat fr\u00e5n fransar under semestern och gjorde d\u00e4rf\u00f6r ett nytt set idag. T\u00e4nkte att jag skulle visa f\u00f6re och efter bilder. Ni kan se f\u00f6rebilderna p\u00e5 de tv\u00e5 f\u00f6rsta bilderna och tredje bilden \u00e4r en efter bild. D\u00e4r kan ni \u00e4ven se hur fina fransarna har h\u00e5llt sig under det \u00e5ret jag har haft f\u00f6rl\u00e4ngning. Jenny \u00e4r s\u00e5 duktig och de har inte slitits det minsta.<\/p>\n<p><a href=\"http:\/\/blogg.improveme.se\/emeliemattsson\/files\/2012\/08\/bild-77.jpg\"><img loading=\"lazy\" decoding=\"async\" class=\"alignnone size-large wp-image-4188\" title=\"bild-77\" src=\"http:\/\/blogg.improveme.se\/emeliemattsson\/files\/2012\/08\/bild-77-1024x682.jpg\" alt=\"\" width=\"700\" height=\"466\" srcset=\"https:\/\/blogg.improveme.se\/emeliemattsson\/files\/2012\/08\/bild-77-1024x682.jpg 1024w, https:\/\/blogg.improveme.se\/emeliemattsson\/files\/2012\/08\/bild-77-300x200.jpg 300w, https:\/\/blogg.improveme.se\/emeliemattsson\/files\/2012\/08\/bild-77.jpg 1930w\" sizes=\"auto, (max-width: 700px) 100vw, 700px\" \/><\/a><\/p>\n<p><a href=\"http:\/\/blogg.improveme.se\/emeliemattsson\/files\/2012\/08\/bild-76.jpg\"><img loading=\"lazy\" decoding=\"async\" class=\"alignnone size-large wp-image-4187\" title=\"bild-76\" src=\"http:\/\/blogg.improveme.se\/emeliemattsson\/files\/2012\/08\/bild-76-1024x364.jpg\" alt=\"\" width=\"700\" height=\"248\" srcset=\"https:\/\/blogg.improveme.se\/emeliemattsson\/files\/2012\/08\/bild-76-1024x364.jpg 1024w, https:\/\/blogg.improveme.se\/emeliemattsson\/files\/2012\/08\/bild-76-300x106.jpg 300w\" sizes=\"auto, (max-width: 700px) 100vw, 700px\" \/><\/a><\/p>\n<p><a href=\"http:\/\/blogg.improveme.se\/emeliemattsson\/files\/2012\/08\/bild-75.jpg\"><img loading=\"lazy\" decoding=\"async\" class=\"alignnone size-large wp-image-4186\" title=\"bild-75\" src=\"http:\/\/blogg.improveme.se\/emeliemattsson\/files\/2012\/08\/bild-75-1024x602.jpg\" alt=\"\" width=\"700\" height=\"411\" srcset=\"https:\/\/blogg.improveme.se\/emeliemattsson\/files\/2012\/08\/bild-75-1024x602.jpg 1024w, https:\/\/blogg.improveme.se\/emeliemattsson\/files\/2012\/08\/bild-75-300x176.jpg 300w, https:\/\/blogg.improveme.se\/emeliemattsson\/files\/2012\/08\/bild-75.jpg 1930w\" sizes=\"auto, (max-width: 700px) 100vw, 700px\" \/><\/a><\/p>\n<p>Jag har som l\u00e4ngst 14mm och om ni vill ha som mig s\u00e5 kan ni bara fr\u00e5ga Jenny hur jag har dte. Hon vet \u00e4ven b\u00e4st vad som passar dig f\u00f6r mest naturligt och snyggast resultat. Just nu erbjuder \u00e4ven Jenny kanonrabatt om du g\u00f6r hos Sara som har utbildat sig hos Jenny. Nytt set 495kr och p\u00e5fyllning 350kr. Det tar ju d\u00e5 lite l\u00e4ngre tid (jenny g\u00f6r p\u00e5 ca 1tim och Sara p\u00e5 kanske 2,5tim) men hon \u00e4r j\u00e4tteduktig.<\/p>\n<p>\u00c4r du intresserad att g\u00f6ra fransar hos Jenny s\u00e5 kan ni maila: jenny@finarefransar.se. \u00c4ven hos henne f\u00e5r ni kanonrabatt. Jag \u00e4r inte s\u00e4ker p\u00e5 exakt pris men jag tror det \u00e4r ca 700kr f\u00f6r nytt set. Hon h\u00e5ller till p\u00e5 <strong>H\u00e4lsingegatan 10 vid Odenplan i Sthlm.\u00a0<\/strong><\/p>\n","protected":false},"excerpt":{"rendered":"<p>Idag var jag hos Jenny och fyllde p\u00e5 fransarna. Jag har vilat fr\u00e5n fransar under semestern och gjorde d\u00e4rf\u00f6r ett nytt set idag. T\u00e4nkte att jag skulle visa f\u00f6re och efter bilder. Ni kan se f\u00f6rebilderna p\u00e5 de tv\u00e5 f\u00f6rsta bilderna och tredje bilden \u00e4r en efter bild. D\u00e4r kan ni \u00e4ven se hur fina &#8230; <a title=\"Franf\u00f6rl\u00e4ngning f\u00f6re efter bilder\" class=\"read-more\" href=\"https:\/\/blogg.improveme.se\/emeliemattsson\/2012\/08\/02\/franforlangning-fore-efter-bilder\/\" aria-label=\"L\u00e4s mer om Franf\u00f6rl\u00e4ngning f\u00f6re efter bilder\">L\u00e4s mer<\/a><\/p>\n","protected":false},"author":1715,"featured_media":0,"comment_status":"open","ping_status":"open","sticky":false,"template":"","format":"standard","meta":{"footnotes":""},"categories":[1],"tags":[],"class_list":["post-4185","post","type-post","status-publish","format-standard","hentry","category-gamlainlagg"],"_links":{"self":[{"href":"https:\/\/blogg.improveme.se\/emeliemattsson\/wp-json\/wp\/v2\/posts\/4185","targetHints":{"allow":["GET"]}}],"collection":[{"href":"https:\/\/blogg.improveme.se\/emeliemattsson\/wp-json\/wp\/v2\/posts"}],"about":[{"href":"https:\/\/blogg.improveme.se\/emeliemattsson\/wp-json\/wp\/v2\/types\/post"}],"author":[{"embeddable":true,"href":"https:\/\/blogg.improveme.se\/emeliemattsson\/wp-json\/wp\/v2\/users\/1715"}],"replies":[{"embeddable":true,"href":"https:\/\/blogg.improveme.se\/emeliemattsson\/wp-json\/wp\/v2\/comments?post=4185"}],"version-history":[{"count":0,"href":"https:\/\/blogg.improveme.se\/emeliemattsson\/wp-json\/wp\/v2\/posts\/4185\/revisions"}],"wp:attachment":[{"href":"https:\/\/blogg.improveme.se\/emeliemattsson\/wp-json\/wp\/v2\/media?parent=4185"}],"wp:term":[{"taxonomy":"category","embeddable":true,"href":"https:\/\/blogg.improveme.se\/emeliemattsson\/wp-json\/wp\/v2\/categories?post=4185"},{"taxonomy":"post_tag","embeddable":true,"href":"https:\/\/blogg.improveme.se\/emeliemattsson\/wp-json\/wp\/v2\/tags?post=4185"}],"curies":[{"name":"wp","href":"https:\/\/api.w.org\/{rel}","templated":true}]}}