{"id":4320,"date":"2012-08-17T12:20:43","date_gmt":"2012-08-17T10:20:43","guid":{"rendered":"http:\/\/blogg.improveme.se\/emeliemattsson\/?p=4320"},"modified":"2012-08-17T12:20:43","modified_gmt":"2012-08-17T10:20:43","slug":"dagens-pass-11","status":"publish","type":"post","link":"https:\/\/blogg.improveme.se\/emeliemattsson\/2012\/08\/17\/dagens-pass-11\/","title":{"rendered":"Dagens pass"},"content":{"rendered":"<p>Dagens pass: triceps, axlar. K\u00e4nde mig riktigt stark idag! Nu ska jag till Milana och fixa naglarna och sen blir det dagsbio med massa v\u00e4nner. Ikv\u00e4ll ska vi hem till Karin och Rikard och \u00e4ta middag och ha spelkv\u00e4ll. Myys!<\/p>\n<p><a href=\"http:\/\/blogg.improveme.se\/emeliemattsson\/files\/2012\/08\/bild-106.jpg\"><img loading=\"lazy\" decoding=\"async\" class=\"alignnone size-full wp-image-4321\" title=\"bild-106\" src=\"http:\/\/blogg.improveme.se\/emeliemattsson\/files\/2012\/08\/bild-106.jpg\" alt=\"\" width=\"480\" height=\"640\" srcset=\"https:\/\/blogg.improveme.se\/emeliemattsson\/files\/2012\/08\/bild-106.jpg 480w, https:\/\/blogg.improveme.se\/emeliemattsson\/files\/2012\/08\/bild-106-225x300.jpg 225w\" sizes=\"auto, (max-width: 480px) 100vw, 480px\" \/><\/a><\/p>\n<p><a href=\"http:\/\/blogg.improveme.se\/emeliemattsson\/files\/2012\/08\/bild-108.jpg\"><img loading=\"lazy\" decoding=\"async\" class=\"alignnone size-full wp-image-4322\" title=\"bild-108\" src=\"http:\/\/blogg.improveme.se\/emeliemattsson\/files\/2012\/08\/bild-108.jpg\" alt=\"\" width=\"640\" height=\"640\" srcset=\"https:\/\/blogg.improveme.se\/emeliemattsson\/files\/2012\/08\/bild-108.jpg 640w, https:\/\/blogg.improveme.se\/emeliemattsson\/files\/2012\/08\/bild-108-150x150.jpg 150w, https:\/\/blogg.improveme.se\/emeliemattsson\/files\/2012\/08\/bild-108-300x300.jpg 300w\" sizes=\"auto, (max-width: 640px) 100vw, 640px\" \/><\/a><\/p>\n","protected":false},"excerpt":{"rendered":"<p>Dagens pass: triceps, axlar. K\u00e4nde mig riktigt stark idag! Nu ska jag till Milana och fixa naglarna och sen blir det dagsbio med massa v\u00e4nner. Ikv\u00e4ll ska vi hem till Karin och Rikard och \u00e4ta middag och ha spelkv\u00e4ll. Myys!<\/p>\n","protected":false},"author":1715,"featured_media":0,"comment_status":"open","ping_status":"open","sticky":false,"template":"","format":"standard","meta":{"footnotes":""},"categories":[1],"tags":[],"class_list":["post-4320","post","type-post","status-publish","format-standard","hentry","category-gamlainlagg"],"_links":{"self":[{"href":"https:\/\/blogg.improveme.se\/emeliemattsson\/wp-json\/wp\/v2\/posts\/4320","targetHints":{"allow":["GET"]}}],"collection":[{"href":"https:\/\/blogg.improveme.se\/emeliemattsson\/wp-json\/wp\/v2\/posts"}],"about":[{"href":"https:\/\/blogg.improveme.se\/emeliemattsson\/wp-json\/wp\/v2\/types\/post"}],"author":[{"embeddable":true,"href":"https:\/\/blogg.improveme.se\/emeliemattsson\/wp-json\/wp\/v2\/users\/1715"}],"replies":[{"embeddable":true,"href":"https:\/\/blogg.improveme.se\/emeliemattsson\/wp-json\/wp\/v2\/comments?post=4320"}],"version-history":[{"count":0,"href":"https:\/\/blogg.improveme.se\/emeliemattsson\/wp-json\/wp\/v2\/posts\/4320\/revisions"}],"wp:attachment":[{"href":"https:\/\/blogg.improveme.se\/emeliemattsson\/wp-json\/wp\/v2\/media?parent=4320"}],"wp:term":[{"taxonomy":"category","embeddable":true,"href":"https:\/\/blogg.improveme.se\/emeliemattsson\/wp-json\/wp\/v2\/categories?post=4320"},{"taxonomy":"post_tag","embeddable":true,"href":"https:\/\/blogg.improveme.se\/emeliemattsson\/wp-json\/wp\/v2\/tags?post=4320"}],"curies":[{"name":"wp","href":"https:\/\/api.w.org\/{rel}","templated":true}]}}