{"id":4332,"date":"2012-08-19T17:23:07","date_gmt":"2012-08-19T15:23:07","guid":{"rendered":"http:\/\/blogg.improveme.se\/emeliemattsson\/?p=4332"},"modified":"2012-08-19T17:23:07","modified_gmt":"2012-08-19T15:23:07","slug":"full-fart-sondag","status":"publish","type":"post","link":"https:\/\/blogg.improveme.se\/emeliemattsson\/2012\/08\/19\/full-fart-sondag\/","title":{"rendered":"Full fart s\u00f6ndag"},"content":{"rendered":"<p>Hej fina ni! Hoppas ni m\u00e5r bra och har haft en h\u00e4rlig helg.<\/p>\n<p>Ig\u00e5rkv\u00e4ll var det ju som sagt middag hemma hos pappa. Supergod mat och trevligt s\u00e4llskap. Min lillebror Morris v\u00e4xer s\u00e5 fort (pappa har Morris med sin sambo s\u00e5 det \u00e4r min halvbror). Han fyller snart 3\u00e5r! Visst \u00e4r han s\u00f6t? Och han \u00e4r riktigt rolig!<\/p>\n<p><img loading=\"lazy\" decoding=\"async\" class=\"alignnone size-full wp-image-4333\" title=\"bild-3\" src=\"http:\/\/blogg.improveme.se\/emeliemattsson\/files\/2012\/08\/bild-3.jpg\" alt=\"\" width=\"428\" height=\"428\" srcset=\"https:\/\/blogg.improveme.se\/emeliemattsson\/files\/2012\/08\/bild-3.jpg 428w, https:\/\/blogg.improveme.se\/emeliemattsson\/files\/2012\/08\/bild-3-150x150.jpg 150w, https:\/\/blogg.improveme.se\/emeliemattsson\/files\/2012\/08\/bild-3-300x300.jpg 300w\" sizes=\"auto, (max-width: 428px) 100vw, 428px\" \/><\/p>\n<p>Var d\u00e4r imorse f\u00f6r jag skulle l\u00e4mna tillbaka en bil jag l\u00e5nade ig\u00e5r. Sedan blev det 1\u00e5rs kalas hos min morbror och hans familj.<\/p>\n<p>Full rulle med anda ord. Sitter och \u00e4ter nu och skulle vilja st\u00e4da lite h\u00e4r hemma. Men f\u00e5r se hur det blir med det:)<\/p>\n","protected":false},"excerpt":{"rendered":"<p>Hej fina ni! Hoppas ni m\u00e5r bra och har haft en h\u00e4rlig helg. Ig\u00e5rkv\u00e4ll var det ju som sagt middag hemma hos pappa. Supergod mat och trevligt s\u00e4llskap. Min lillebror Morris v\u00e4xer s\u00e5 fort (pappa har Morris med sin sambo s\u00e5 det \u00e4r min halvbror). Han fyller snart 3\u00e5r! Visst \u00e4r han s\u00f6t? Och han &#8230; <a title=\"Full fart s\u00f6ndag\" class=\"read-more\" href=\"https:\/\/blogg.improveme.se\/emeliemattsson\/2012\/08\/19\/full-fart-sondag\/\" aria-label=\"L\u00e4s mer om Full fart s\u00f6ndag\">L\u00e4s mer<\/a><\/p>\n","protected":false},"author":1715,"featured_media":0,"comment_status":"open","ping_status":"open","sticky":false,"template":"","format":"standard","meta":{"footnotes":""},"categories":[1],"tags":[],"class_list":["post-4332","post","type-post","status-publish","format-standard","hentry","category-gamlainlagg"],"_links":{"self":[{"href":"https:\/\/blogg.improveme.se\/emeliemattsson\/wp-json\/wp\/v2\/posts\/4332","targetHints":{"allow":["GET"]}}],"collection":[{"href":"https:\/\/blogg.improveme.se\/emeliemattsson\/wp-json\/wp\/v2\/posts"}],"about":[{"href":"https:\/\/blogg.improveme.se\/emeliemattsson\/wp-json\/wp\/v2\/types\/post"}],"author":[{"embeddable":true,"href":"https:\/\/blogg.improveme.se\/emeliemattsson\/wp-json\/wp\/v2\/users\/1715"}],"replies":[{"embeddable":true,"href":"https:\/\/blogg.improveme.se\/emeliemattsson\/wp-json\/wp\/v2\/comments?post=4332"}],"version-history":[{"count":0,"href":"https:\/\/blogg.improveme.se\/emeliemattsson\/wp-json\/wp\/v2\/posts\/4332\/revisions"}],"wp:attachment":[{"href":"https:\/\/blogg.improveme.se\/emeliemattsson\/wp-json\/wp\/v2\/media?parent=4332"}],"wp:term":[{"taxonomy":"category","embeddable":true,"href":"https:\/\/blogg.improveme.se\/emeliemattsson\/wp-json\/wp\/v2\/categories?post=4332"},{"taxonomy":"post_tag","embeddable":true,"href":"https:\/\/blogg.improveme.se\/emeliemattsson\/wp-json\/wp\/v2\/tags?post=4332"}],"curies":[{"name":"wp","href":"https:\/\/api.w.org\/{rel}","templated":true}]}}