{"id":4400,"date":"2012-08-26T14:00:44","date_gmt":"2012-08-26T12:00:44","guid":{"rendered":"http:\/\/blogg.improveme.se\/emeliemattsson\/?p=4400"},"modified":"2012-08-26T14:00:44","modified_gmt":"2012-08-26T12:00:44","slug":"lar-dig-att-inte-distraheras","status":"publish","type":"post","link":"https:\/\/blogg.improveme.se\/emeliemattsson\/2012\/08\/26\/lar-dig-att-inte-distraheras\/","title":{"rendered":"L\u00e4r dig att inte distraheras.."},"content":{"rendered":"<p>Jag l\u00e4ste en v\u00e4ldigt inspirerande artikel idag och vill dela med mig utav mina tankar kring den och m\u00e4nniskor som f\u00f6rs\u00f6ker sakta ner och h\u00e5lla dig tillbaka fr\u00e5n att n\u00e5 dina m\u00e5l och framg\u00e5ng.<\/p>\n<p>Vad du \u00e4n s\u00e4ger och g\u00f6r med ditt liv s\u00e5 kommer du alltid att st\u00f6ta p\u00e5 s.k. H.A.T.E.R.S <strong>(HAVING ANGER TOWARDS EVERYTHING REACHING SUCCESS)<\/strong><\/p>\n<h2><span style=\"color: #0000ff;\">Hemligheten till att undg\u00e5 dessa s.k haters: G\u00f6r ingenting! Bli ingenting! S\u00e4g ingenting!\u00a0<\/span><\/h2>\n<h2><span style=\"color: #0000ff;\">MEN genom det s\u00e5 n\u00e5r man ju inte direkt n\u00e5gon framg\u00e5ng.<\/span><\/h2>\n<p>S\u00e5 jag t\u00e4nkte ber\u00e4tta hur jag l\u00e4rt mig hantera dessa m\u00e4nniskor.<\/p>\n<p>N\u00e4r jag f\u00e5r elaka kommentarer eller h\u00f6r m\u00e4nniskor tala illa bakom min rygg s\u00e5 \u00e4r min f\u00f6rsta tanka, s\u00e4kert precis som eran, att man blir arg eller ledsen eller tar \u00e5t sig. Men ju mer jag t\u00e4nker p\u00e5 situationen, desto mindre bryr jag mig. Det finns ett qoute fr\u00e5n The Black Swan Author<\/p>\n<p style=\"text-align: center;\"><strong>&#8221;Your reputation is harmed the most by what you say to defend it&#8221;<\/strong><\/p>\n<p style=\"text-align: center;\">\n<p>S\u00e5 l\u00e5t ist\u00e4llet m\u00e4nniskor som f\u00f6rs\u00f6ker trycka ner och h\u00e5lla dig tillbaka inspirera dig att g\u00f6ra \u00c4NNU b\u00e4ttre ifr\u00e5n dig och n\u00e5 \u00c4NNU l\u00e4ngre. Du kommer alltid st\u00f6ta p\u00e5 m\u00e4nniskor som vill dig illa, s\u00e5 varf\u00f6r inte l\u00e4ra dig hantera det ist\u00e4llet f\u00f6r att l\u00e5ta dig p\u00e5verkas utav dessa m\u00e4nniskor?<\/p>\n<p>N\u00e4r ja f\u00e5r negativ feedback fr\u00e5n n\u00e5gon anonym via bloggen eller n\u00e5gon annanstans\u00a0 s\u00e5 p\u00e5minner jag mig sj\u00e4lv alltid om att: Det \u00e4r min blogg. D\u00e4r jag skriver PRECIS vad jag vill och hur jag vill, l\u00e4gger upp de bilder som JAG vill till ER SOM GILLAR ATT L\u00c4SA och ta del utav mitt liv. Jag f\u00f6rs\u00f6ker h\u00e5lla den s\u00e5 sann som m\u00f6jligt, s\u00e5 \u00f6ppet som jag kan. Jag delar allts\u00e5 med mig utav MITT liv till de som vill och tycker om att l\u00e4sa. Det \u00e4r allts\u00e5 f\u00f6r ER! Det \u00e4r ingen som tvingas l\u00e4sa, eller som f\u00e5r mina stavfel eller s\u00e4rskrivningar tryckta upp i ansiktet. Utan ni g\u00f6r sj\u00e4lva valet att g\u00e5 in och l\u00e4sa om mig och mitt liv. Och alla ni som tycker om den, tack f\u00f6r att ni g\u00f6r det och tack f\u00f6r alla era fina kommentarer som jag f\u00e5r via mail eller h\u00e4r p\u00e5 bligen varje dag.<\/p>\n<p>&nbsp;<\/p>\n<p>Lite Bilder ifr\u00e5n dagens monsterpass:<\/p>\n<p><a href=\"http:\/\/blogg.improveme.se\/emeliemattsson\/files\/2012\/08\/bild-16.jpg\"><img loading=\"lazy\" decoding=\"async\" class=\"alignnone size-full wp-image-4401\" title=\"bild-16\" src=\"http:\/\/blogg.improveme.se\/emeliemattsson\/files\/2012\/08\/bild-16.jpg\" alt=\"\" width=\"640\" height=\"640\" srcset=\"https:\/\/blogg.improveme.se\/emeliemattsson\/files\/2012\/08\/bild-16.jpg 640w, https:\/\/blogg.improveme.se\/emeliemattsson\/files\/2012\/08\/bild-16-150x150.jpg 150w, https:\/\/blogg.improveme.se\/emeliemattsson\/files\/2012\/08\/bild-16-300x300.jpg 300w\" sizes=\"auto, (max-width: 640px) 100vw, 640px\" \/><\/a><a href=\"http:\/\/blogg.improveme.se\/emeliemattsson\/files\/2012\/08\/bild-17.jpg\"><img loading=\"lazy\" decoding=\"async\" class=\"alignnone size-full wp-image-4402\" title=\"bild-17\" src=\"http:\/\/blogg.improveme.se\/emeliemattsson\/files\/2012\/08\/bild-17.jpg\" alt=\"\" width=\"640\" height=\"640\" srcset=\"https:\/\/blogg.improveme.se\/emeliemattsson\/files\/2012\/08\/bild-17.jpg 640w, https:\/\/blogg.improveme.se\/emeliemattsson\/files\/2012\/08\/bild-17-150x150.jpg 150w, https:\/\/blogg.improveme.se\/emeliemattsson\/files\/2012\/08\/bild-17-300x300.jpg 300w\" sizes=\"auto, (max-width: 640px) 100vw, 640px\" \/><\/a><a href=\"http:\/\/blogg.improveme.se\/emeliemattsson\/files\/2012\/08\/bild-19.jpg\"><img loading=\"lazy\" decoding=\"async\" class=\"alignnone size-full wp-image-4404\" title=\"bild-19\" src=\"http:\/\/blogg.improveme.se\/emeliemattsson\/files\/2012\/08\/bild-19.jpg\" alt=\"\" width=\"480\" height=\"640\" srcset=\"https:\/\/blogg.improveme.se\/emeliemattsson\/files\/2012\/08\/bild-19.jpg 480w, https:\/\/blogg.improveme.se\/emeliemattsson\/files\/2012\/08\/bild-19-225x300.jpg 225w\" sizes=\"auto, (max-width: 480px) 100vw, 480px\" \/><\/a><\/p>\n<p>KRAM<\/p>\n<div><\/div>\n","protected":false},"excerpt":{"rendered":"<p>Jag l\u00e4ste en v\u00e4ldigt inspirerande artikel idag och vill dela med mig utav mina tankar kring den och m\u00e4nniskor som f\u00f6rs\u00f6ker sakta ner och h\u00e5lla dig tillbaka fr\u00e5n att n\u00e5 dina m\u00e5l och framg\u00e5ng. Vad du \u00e4n s\u00e4ger och g\u00f6r med ditt liv s\u00e5 kommer du alltid att st\u00f6ta p\u00e5 s.k. H.A.T.E.R.S (HAVING ANGER TOWARDS &#8230; <a title=\"L\u00e4r dig att inte distraheras..\" class=\"read-more\" href=\"https:\/\/blogg.improveme.se\/emeliemattsson\/2012\/08\/26\/lar-dig-att-inte-distraheras\/\" aria-label=\"L\u00e4s mer om L\u00e4r dig att inte distraheras..\">L\u00e4s mer<\/a><\/p>\n","protected":false},"author":1715,"featured_media":0,"comment_status":"open","ping_status":"open","sticky":false,"template":"","format":"standard","meta":{"footnotes":""},"categories":[1],"tags":[],"class_list":["post-4400","post","type-post","status-publish","format-standard","hentry","category-gamlainlagg"],"_links":{"self":[{"href":"https:\/\/blogg.improveme.se\/emeliemattsson\/wp-json\/wp\/v2\/posts\/4400","targetHints":{"allow":["GET"]}}],"collection":[{"href":"https:\/\/blogg.improveme.se\/emeliemattsson\/wp-json\/wp\/v2\/posts"}],"about":[{"href":"https:\/\/blogg.improveme.se\/emeliemattsson\/wp-json\/wp\/v2\/types\/post"}],"author":[{"embeddable":true,"href":"https:\/\/blogg.improveme.se\/emeliemattsson\/wp-json\/wp\/v2\/users\/1715"}],"replies":[{"embeddable":true,"href":"https:\/\/blogg.improveme.se\/emeliemattsson\/wp-json\/wp\/v2\/comments?post=4400"}],"version-history":[{"count":0,"href":"https:\/\/blogg.improveme.se\/emeliemattsson\/wp-json\/wp\/v2\/posts\/4400\/revisions"}],"wp:attachment":[{"href":"https:\/\/blogg.improveme.se\/emeliemattsson\/wp-json\/wp\/v2\/media?parent=4400"}],"wp:term":[{"taxonomy":"category","embeddable":true,"href":"https:\/\/blogg.improveme.se\/emeliemattsson\/wp-json\/wp\/v2\/categories?post=4400"},{"taxonomy":"post_tag","embeddable":true,"href":"https:\/\/blogg.improveme.se\/emeliemattsson\/wp-json\/wp\/v2\/tags?post=4400"}],"curies":[{"name":"wp","href":"https:\/\/api.w.org\/{rel}","templated":true}]}}