{"id":4410,"date":"2012-08-26T18:53:28","date_gmt":"2012-08-26T16:53:28","guid":{"rendered":"http:\/\/blogg.improveme.se\/emeliemattsson\/?p=4410"},"modified":"2012-08-26T18:53:28","modified_gmt":"2012-08-26T16:53:28","slug":"forbereder-middagen","status":"publish","type":"post","link":"https:\/\/blogg.improveme.se\/emeliemattsson\/2012\/08\/26\/forbereder-middagen\/","title":{"rendered":"F\u00f6rbereder middagen"},"content":{"rendered":"<p>Ikv\u00e4ll t\u00e4nkte jag inviga min lergryta som mamma tyckte jag skulle k\u00f6pa f\u00f6rra veckan. Det blir \u00f6rtbakad kyckling med gr\u00f6nsaker.<\/p>\n<p>Jag har aldrig gjort detta f\u00f6rut s\u00e5 vi f\u00e5r se hur det blir:) Massa gr\u00f6nsaker,l\u00f6k och en god buljong, \u00f6rter och vitl\u00f6k. Massa pressad citron. Den ska vara en timme i ugnen s\u00e5 det tar en stund. Hoppas det blir gott:)<\/p>\n<p><a href=\"http:\/\/blogg.improveme.se\/emeliemattsson\/files\/2012\/08\/bild-20.jpg\"><img loading=\"lazy\" decoding=\"async\" class=\"alignnone size-full wp-image-4411\" title=\"bild-20\" src=\"http:\/\/blogg.improveme.se\/emeliemattsson\/files\/2012\/08\/bild-20.jpg\" alt=\"\" width=\"640\" height=\"480\" srcset=\"https:\/\/blogg.improveme.se\/emeliemattsson\/files\/2012\/08\/bild-20.jpg 640w, https:\/\/blogg.improveme.se\/emeliemattsson\/files\/2012\/08\/bild-20-300x225.jpg 300w\" sizes=\"auto, (max-width: 640px) 100vw, 640px\" \/><\/a><\/p>\n","protected":false},"excerpt":{"rendered":"<p>Ikv\u00e4ll t\u00e4nkte jag inviga min lergryta som mamma tyckte jag skulle k\u00f6pa f\u00f6rra veckan. Det blir \u00f6rtbakad kyckling med gr\u00f6nsaker. Jag har aldrig gjort detta f\u00f6rut s\u00e5 vi f\u00e5r se hur det blir:) Massa gr\u00f6nsaker,l\u00f6k och en god buljong, \u00f6rter och vitl\u00f6k. Massa pressad citron. Den ska vara en timme i ugnen s\u00e5 det tar &#8230; <a title=\"F\u00f6rbereder middagen\" class=\"read-more\" href=\"https:\/\/blogg.improveme.se\/emeliemattsson\/2012\/08\/26\/forbereder-middagen\/\" aria-label=\"L\u00e4s mer om F\u00f6rbereder middagen\">L\u00e4s mer<\/a><\/p>\n","protected":false},"author":1715,"featured_media":0,"comment_status":"open","ping_status":"open","sticky":false,"template":"","format":"standard","meta":{"footnotes":""},"categories":[1],"tags":[],"class_list":["post-4410","post","type-post","status-publish","format-standard","hentry","category-gamlainlagg"],"_links":{"self":[{"href":"https:\/\/blogg.improveme.se\/emeliemattsson\/wp-json\/wp\/v2\/posts\/4410","targetHints":{"allow":["GET"]}}],"collection":[{"href":"https:\/\/blogg.improveme.se\/emeliemattsson\/wp-json\/wp\/v2\/posts"}],"about":[{"href":"https:\/\/blogg.improveme.se\/emeliemattsson\/wp-json\/wp\/v2\/types\/post"}],"author":[{"embeddable":true,"href":"https:\/\/blogg.improveme.se\/emeliemattsson\/wp-json\/wp\/v2\/users\/1715"}],"replies":[{"embeddable":true,"href":"https:\/\/blogg.improveme.se\/emeliemattsson\/wp-json\/wp\/v2\/comments?post=4410"}],"version-history":[{"count":0,"href":"https:\/\/blogg.improveme.se\/emeliemattsson\/wp-json\/wp\/v2\/posts\/4410\/revisions"}],"wp:attachment":[{"href":"https:\/\/blogg.improveme.se\/emeliemattsson\/wp-json\/wp\/v2\/media?parent=4410"}],"wp:term":[{"taxonomy":"category","embeddable":true,"href":"https:\/\/blogg.improveme.se\/emeliemattsson\/wp-json\/wp\/v2\/categories?post=4410"},{"taxonomy":"post_tag","embeddable":true,"href":"https:\/\/blogg.improveme.se\/emeliemattsson\/wp-json\/wp\/v2\/tags?post=4410"}],"curies":[{"name":"wp","href":"https:\/\/api.w.org\/{rel}","templated":true}]}}