{"id":4416,"date":"2012-08-28T07:38:13","date_gmt":"2012-08-28T05:38:13","guid":{"rendered":"http:\/\/blogg.improveme.se\/emeliemattsson\/?p=4416"},"modified":"2012-08-28T07:38:13","modified_gmt":"2012-08-28T05:38:13","slug":"vi-oppnar-kosttillskott-och-halsokost","status":"publish","type":"post","link":"https:\/\/blogg.improveme.se\/emeliemattsson\/2012\/08\/28\/vi-oppnar-kosttillskott-och-halsokost\/","title":{"rendered":"Vi \u00f6ppnar kosttillskott och h\u00e4lsokost!"},"content":{"rendered":"<h2>Inom kort \u00f6ppnar vi upp en <span style=\"color: #008000;\">kosttillskott och h\u00e4lsokost butik<\/span> med fokus p\u00e5 prestation och balans.<\/h2>\n<p>Vi kommer att vara den f\u00f6rsta Kosttillskottbutiken s\u00f6der om s\u00f6der. Det kommer bli riktigt sp\u00e4nnande och SJ\u00c4LVKLART s\u00e5 kommer alla ni som vill vara mer \u00e4n v\u00e4lkomna p\u00e5 v\u00e5r f\u00f6rhands\u00f6ppning i slutet p\u00e5 September d\u00e4r ni kommer kunna ta del utav massa bra erbjudanden, samt f\u00e5 r\u00e5d och hj\u00e4lp. Vi kommer \u00e4ven erbjuda m\u00f6jlighet till kroppsanalyser p\u00e5 plats d\u00e4r vi kan testa fram de vitaminer och mineraler just DIN kropp beh\u00f6ver f\u00f6r att uppn\u00e5 balans.<\/p>\n<p>Ni kommer \u00e4ven att kunna best\u00e4lla era kosttillskott och vitaminer via mail om ni inte har m\u00f6jlighet att komma ut till oss. Alla mina klienter kommer kunna ta del utav b\u00e4sta m\u00f6jliga pris p\u00e5 de vitaminer och kosttillskott som rekommenderas.<\/p>\n<p>Butiken ligger ca 10km ifr\u00e5n s\u00f6dermalm . Handens pendelt\u00e5gsstation ligger enbart 2min g\u00e5ngv\u00e4g ifr\u00e5n butiken, och det tar 20min med pendelt\u00e5g. S\u00e5 \u00e4ven l\u00e4tt och tillg\u00e4ngligt f\u00f6r er som inte har bil:) Vid butiken finns tillg\u00e5ng till ett stort fr\u00e4sht utbyggt fitnesscenter .<\/p>\n<p>Nu slipper ni som bor i s\u00f6derort ta er in till stan f\u00f6r att handla kosttillskott:) Och ni andra \u00e4r s\u00e5klart j\u00e4ttev\u00e4lkomna att komma f\u00f6rbi och ta er en titt samt f\u00e5 r\u00e5d s\u00e5fort vi har \u00f6ppnat:)<\/p>\n<p>&nbsp;<\/p>\n<p>&nbsp;<\/p>\n<p>&nbsp;<\/p>\n<p>&nbsp;<\/p>\n","protected":false},"excerpt":{"rendered":"<p>Inom kort \u00f6ppnar vi upp en kosttillskott och h\u00e4lsokost butik med fokus p\u00e5 prestation och balans. Vi kommer att vara den f\u00f6rsta Kosttillskottbutiken s\u00f6der om s\u00f6der. Det kommer bli riktigt sp\u00e4nnande och SJ\u00c4LVKLART s\u00e5 kommer alla ni som vill vara mer \u00e4n v\u00e4lkomna p\u00e5 v\u00e5r f\u00f6rhands\u00f6ppning i slutet p\u00e5 September d\u00e4r ni kommer kunna ta &#8230; <a title=\"Vi \u00f6ppnar kosttillskott och h\u00e4lsokost!\" class=\"read-more\" href=\"https:\/\/blogg.improveme.se\/emeliemattsson\/2012\/08\/28\/vi-oppnar-kosttillskott-och-halsokost\/\" aria-label=\"L\u00e4s mer om Vi \u00f6ppnar kosttillskott och h\u00e4lsokost!\">L\u00e4s mer<\/a><\/p>\n","protected":false},"author":1715,"featured_media":0,"comment_status":"open","ping_status":"open","sticky":false,"template":"","format":"standard","meta":{"footnotes":""},"categories":[1],"tags":[],"class_list":["post-4416","post","type-post","status-publish","format-standard","hentry","category-gamlainlagg"],"_links":{"self":[{"href":"https:\/\/blogg.improveme.se\/emeliemattsson\/wp-json\/wp\/v2\/posts\/4416","targetHints":{"allow":["GET"]}}],"collection":[{"href":"https:\/\/blogg.improveme.se\/emeliemattsson\/wp-json\/wp\/v2\/posts"}],"about":[{"href":"https:\/\/blogg.improveme.se\/emeliemattsson\/wp-json\/wp\/v2\/types\/post"}],"author":[{"embeddable":true,"href":"https:\/\/blogg.improveme.se\/emeliemattsson\/wp-json\/wp\/v2\/users\/1715"}],"replies":[{"embeddable":true,"href":"https:\/\/blogg.improveme.se\/emeliemattsson\/wp-json\/wp\/v2\/comments?post=4416"}],"version-history":[{"count":0,"href":"https:\/\/blogg.improveme.se\/emeliemattsson\/wp-json\/wp\/v2\/posts\/4416\/revisions"}],"wp:attachment":[{"href":"https:\/\/blogg.improveme.se\/emeliemattsson\/wp-json\/wp\/v2\/media?parent=4416"}],"wp:term":[{"taxonomy":"category","embeddable":true,"href":"https:\/\/blogg.improveme.se\/emeliemattsson\/wp-json\/wp\/v2\/categories?post=4416"},{"taxonomy":"post_tag","embeddable":true,"href":"https:\/\/blogg.improveme.se\/emeliemattsson\/wp-json\/wp\/v2\/tags?post=4416"}],"curies":[{"name":"wp","href":"https:\/\/api.w.org\/{rel}","templated":true}]}}