{"id":4461,"date":"2012-09-01T17:39:03","date_gmt":"2012-09-01T15:39:03","guid":{"rendered":"http:\/\/blogg.improveme.se\/emeliemattsson\/?p=4461"},"modified":"2012-09-01T18:16:36","modified_gmt":"2012-09-01T16:16:36","slug":"4461","status":"publish","type":"post","link":"https:\/\/blogg.improveme.se\/emeliemattsson\/2012\/09\/01\/4461\/","title":{"rendered":"Prep for fest"},"content":{"rendered":"<p>Jag tycker det \u00e4r s\u00e5 jobbigt att sminka mig. Sminkar mig H\u00d6GST en g\u00e5ng i m\u00e5naden. Tycker det \u00e4r s\u00e5 fr\u00e4sht med en naturlig look dagtid och i gymmet. Jag brukar ha f\u00e4rgad dagkr\u00e4m till vardags om jag k\u00e4nner att jag vill f\u00e5 upp lystern men aldrig mascara eller annat. Jag har fransf\u00f6rl\u00e4ngning och d\u00e5 tycker inte jag att det beh\u00f6vs mascara, men ibland vill man vara finare till fest och d\u00e5 \u00e4r mitt tips att s\u00e4tta p\u00e5 en rad fransar \u00f6ver sina egna. Jag f\u00f6redrar det framf\u00f6r mascara. Snabbt och framh\u00e4ver \u00f6gonen lite extra till fest:) Jag brukar sedan dra en kr\u00e4m eyeliner p\u00e5 den \u00f6vre linjen. Klaaart. 5 minute fix;) H\u00e5ret f\u00f6nade min fris\u00f6r och s\u00e5 \u00e4r det s\u00e5\u00e5 snyggt att bara ha en enkel stram h\u00e4stsvans med bra fall:) Enkelt enkelt men fint:)<\/p>\n<p><a href=\"http:\/\/blogg.improveme.se\/emeliemattsson\/files\/2012\/09\/Bild-2012-09-01-kl.-17.23-3.jpg\"><img loading=\"lazy\" decoding=\"async\" class=\"alignnone size-full wp-image-4462\" title=\"Bild 2012-09-01 kl. 17.23 #3\" src=\"http:\/\/blogg.improveme.se\/emeliemattsson\/files\/2012\/09\/Bild-2012-09-01-kl.-17.23-3.jpg\" alt=\"\" width=\"640\" height=\"480\" srcset=\"https:\/\/blogg.improveme.se\/emeliemattsson\/files\/2012\/09\/Bild-2012-09-01-kl.-17.23-3.jpg 640w, https:\/\/blogg.improveme.se\/emeliemattsson\/files\/2012\/09\/Bild-2012-09-01-kl.-17.23-3-300x225.jpg 300w\" sizes=\"auto, (max-width: 640px) 100vw, 640px\" \/><\/a><a href=\"http:\/\/blogg.improveme.se\/emeliemattsson\/files\/2012\/09\/Bild-2012-09-01-kl.-17.30.jpg\"><img loading=\"lazy\" decoding=\"async\" class=\"alignnone size-full wp-image-4463\" title=\"Bild 2012-09-01 kl. 17.30\" src=\"http:\/\/blogg.improveme.se\/emeliemattsson\/files\/2012\/09\/Bild-2012-09-01-kl.-17.30.jpg\" alt=\"\" width=\"640\" height=\"480\" srcset=\"https:\/\/blogg.improveme.se\/emeliemattsson\/files\/2012\/09\/Bild-2012-09-01-kl.-17.30.jpg 640w, https:\/\/blogg.improveme.se\/emeliemattsson\/files\/2012\/09\/Bild-2012-09-01-kl.-17.30-300x225.jpg 300w\" sizes=\"auto, (max-width: 640px) 100vw, 640px\" \/><\/a><a href=\"http:\/\/blogg.improveme.se\/emeliemattsson\/files\/2012\/09\/Bild-2012-09-01-kl.-17.30-3.jpg\"><img loading=\"lazy\" decoding=\"async\" class=\"alignnone size-full wp-image-4464\" title=\"Bild 2012-09-01 kl. 17.30 #3\" src=\"http:\/\/blogg.improveme.se\/emeliemattsson\/files\/2012\/09\/Bild-2012-09-01-kl.-17.30-3.jpg\" alt=\"\" width=\"640\" height=\"480\" srcset=\"https:\/\/blogg.improveme.se\/emeliemattsson\/files\/2012\/09\/Bild-2012-09-01-kl.-17.30-3.jpg 640w, https:\/\/blogg.improveme.se\/emeliemattsson\/files\/2012\/09\/Bild-2012-09-01-kl.-17.30-3-300x225.jpg 300w\" sizes=\"auto, (max-width: 640px) 100vw, 640px\" \/><\/a><\/p>\n<p><a href=\"http:\/\/blogg.improveme.se\/emeliemattsson\/files\/2012\/09\/Bild-2012-09-01-kl.-17.37.jpg\"><img loading=\"lazy\" decoding=\"async\" class=\"alignnone size-full wp-image-4465\" title=\"Bild 2012-09-01 kl. 17.37\" src=\"http:\/\/blogg.improveme.se\/emeliemattsson\/files\/2012\/09\/Bild-2012-09-01-kl.-17.37.jpg\" alt=\"\" width=\"640\" height=\"480\" srcset=\"https:\/\/blogg.improveme.se\/emeliemattsson\/files\/2012\/09\/Bild-2012-09-01-kl.-17.37.jpg 640w, https:\/\/blogg.improveme.se\/emeliemattsson\/files\/2012\/09\/Bild-2012-09-01-kl.-17.37-300x225.jpg 300w\" sizes=\"auto, (max-width: 640px) 100vw, 640px\" \/><\/a><\/p>\n","protected":false},"excerpt":{"rendered":"<p>Jag tycker det \u00e4r s\u00e5 jobbigt att sminka mig. Sminkar mig H\u00d6GST en g\u00e5ng i m\u00e5naden. Tycker det \u00e4r s\u00e5 fr\u00e4sht med en naturlig look dagtid och i gymmet. Jag brukar ha f\u00e4rgad dagkr\u00e4m till vardags om jag k\u00e4nner att jag vill f\u00e5 upp lystern men aldrig mascara eller annat. Jag har fransf\u00f6rl\u00e4ngning och d\u00e5 &#8230; <a title=\"Prep for fest\" class=\"read-more\" href=\"https:\/\/blogg.improveme.se\/emeliemattsson\/2012\/09\/01\/4461\/\" aria-label=\"L\u00e4s mer om Prep for fest\">L\u00e4s mer<\/a><\/p>\n","protected":false},"author":1715,"featured_media":0,"comment_status":"open","ping_status":"open","sticky":false,"template":"","format":"standard","meta":{"footnotes":""},"categories":[1],"tags":[],"class_list":["post-4461","post","type-post","status-publish","format-standard","hentry","category-gamlainlagg"],"_links":{"self":[{"href":"https:\/\/blogg.improveme.se\/emeliemattsson\/wp-json\/wp\/v2\/posts\/4461","targetHints":{"allow":["GET"]}}],"collection":[{"href":"https:\/\/blogg.improveme.se\/emeliemattsson\/wp-json\/wp\/v2\/posts"}],"about":[{"href":"https:\/\/blogg.improveme.se\/emeliemattsson\/wp-json\/wp\/v2\/types\/post"}],"author":[{"embeddable":true,"href":"https:\/\/blogg.improveme.se\/emeliemattsson\/wp-json\/wp\/v2\/users\/1715"}],"replies":[{"embeddable":true,"href":"https:\/\/blogg.improveme.se\/emeliemattsson\/wp-json\/wp\/v2\/comments?post=4461"}],"version-history":[{"count":0,"href":"https:\/\/blogg.improveme.se\/emeliemattsson\/wp-json\/wp\/v2\/posts\/4461\/revisions"}],"wp:attachment":[{"href":"https:\/\/blogg.improveme.se\/emeliemattsson\/wp-json\/wp\/v2\/media?parent=4461"}],"wp:term":[{"taxonomy":"category","embeddable":true,"href":"https:\/\/blogg.improveme.se\/emeliemattsson\/wp-json\/wp\/v2\/categories?post=4461"},{"taxonomy":"post_tag","embeddable":true,"href":"https:\/\/blogg.improveme.se\/emeliemattsson\/wp-json\/wp\/v2\/tags?post=4461"}],"curies":[{"name":"wp","href":"https:\/\/api.w.org\/{rel}","templated":true}]}}