{"id":4469,"date":"2012-09-02T20:13:37","date_gmt":"2012-09-02T18:13:37","guid":{"rendered":"http:\/\/blogg.improveme.se\/emeliemattsson\/?p=4469"},"modified":"2012-09-02T20:13:37","modified_gmt":"2012-09-02T18:13:37","slug":"tilltrade-till-butiken","status":"publish","type":"post","link":"https:\/\/blogg.improveme.se\/emeliemattsson\/2012\/09\/02\/tilltrade-till-butiken\/","title":{"rendered":"Tilltr\u00e4de till butiken."},"content":{"rendered":"<p>Vilodag idag men ingen vanlig dag. Vi fick tilltr\u00e4de till butiken ig\u00e5r och nu \u00e4r det mkt som ska ordnas. M\u00e5las, upp med hyllor, fixa och planera. S\u00e5 kul! Vi hoppas bara att hinna med det mesta innan vi \u00e5ker till NYC och Miami den 17sept om 2veckor:)<\/p>\n<p>Idag blev det en timmes cardio och inget mer. Vilodag \u00e4r vilodag och d\u00e5 m\u00e5ste man l\u00e5ta kroppen \u00e5terh\u00e4mta sig. Hade en PT timme med Simon och fixade lite i butiken. H\u00e4r hemma har jag hunnit med min vecko st\u00e4dning och tv\u00e4tt. Funderar p\u00e5 att fylla p\u00e5 med lite extra mat ikv\u00e4ll. Snart en vecka sedan och jag har en h\u00e5\u00e5\u00e5rd tr\u00e4nings vecka framf\u00f6r mig:)<\/p>\n<p>KRAM<\/p>\n","protected":false},"excerpt":{"rendered":"<p>Vilodag idag men ingen vanlig dag. Vi fick tilltr\u00e4de till butiken ig\u00e5r och nu \u00e4r det mkt som ska ordnas. M\u00e5las, upp med hyllor, fixa och planera. S\u00e5 kul! Vi hoppas bara att hinna med det mesta innan vi \u00e5ker till NYC och Miami den 17sept om 2veckor:) Idag blev det en timmes cardio och &#8230; <a title=\"Tilltr\u00e4de till butiken.\" class=\"read-more\" href=\"https:\/\/blogg.improveme.se\/emeliemattsson\/2012\/09\/02\/tilltrade-till-butiken\/\" aria-label=\"L\u00e4s mer om Tilltr\u00e4de till butiken.\">L\u00e4s mer<\/a><\/p>\n","protected":false},"author":1715,"featured_media":0,"comment_status":"open","ping_status":"open","sticky":false,"template":"","format":"standard","meta":{"footnotes":""},"categories":[1],"tags":[],"class_list":["post-4469","post","type-post","status-publish","format-standard","hentry","category-gamlainlagg"],"_links":{"self":[{"href":"https:\/\/blogg.improveme.se\/emeliemattsson\/wp-json\/wp\/v2\/posts\/4469","targetHints":{"allow":["GET"]}}],"collection":[{"href":"https:\/\/blogg.improveme.se\/emeliemattsson\/wp-json\/wp\/v2\/posts"}],"about":[{"href":"https:\/\/blogg.improveme.se\/emeliemattsson\/wp-json\/wp\/v2\/types\/post"}],"author":[{"embeddable":true,"href":"https:\/\/blogg.improveme.se\/emeliemattsson\/wp-json\/wp\/v2\/users\/1715"}],"replies":[{"embeddable":true,"href":"https:\/\/blogg.improveme.se\/emeliemattsson\/wp-json\/wp\/v2\/comments?post=4469"}],"version-history":[{"count":0,"href":"https:\/\/blogg.improveme.se\/emeliemattsson\/wp-json\/wp\/v2\/posts\/4469\/revisions"}],"wp:attachment":[{"href":"https:\/\/blogg.improveme.se\/emeliemattsson\/wp-json\/wp\/v2\/media?parent=4469"}],"wp:term":[{"taxonomy":"category","embeddable":true,"href":"https:\/\/blogg.improveme.se\/emeliemattsson\/wp-json\/wp\/v2\/categories?post=4469"},{"taxonomy":"post_tag","embeddable":true,"href":"https:\/\/blogg.improveme.se\/emeliemattsson\/wp-json\/wp\/v2\/tags?post=4469"}],"curies":[{"name":"wp","href":"https:\/\/api.w.org\/{rel}","templated":true}]}}